{"id":10291,"date":"2025-10-20T13:52:57","date_gmt":"2025-10-20T16:52:57","guid":{"rendered":"http:\/\/metropoleemfoco.com.br\/?p=10291"},"modified":"2025-10-20T13:52:57","modified_gmt":"2025-10-20T16:52:57","slug":"policia-encontra-cranios-e-ossos-humanos-em-apartamento-no-jardim-paulista-em-sp","status":"publish","type":"post","link":"http:\/\/metropoleemfoco.com.br\/?p=10291","title":{"rendered":"Pol\u00edcia encontra cr\u00e2nios e ossos humanos em apartamento no Jardim Paulista, em SP"},"content":{"rendered":"<div class=\"mc-article-header\">\n<div class=\"row content-head mc-column non-featured \">\n<div class=\"title\" data-block-type=\"title\" data-block-id=\"0\">\n<h1 class=\"content-head__title\">Pol\u00edcia encontra cr\u00e2nios e ossos humanos em apartamento no Jardim Paulista, em SP<\/h1>\n<\/div>\n<div class=\"medium-centered subtitle\">\n<h2 class=\"content-head__subtitle\">A principal hip\u00f3tese \u00e9 que os restos mortais tenham sido retirados de cemit\u00e9rios da capital.<\/h2>\n<\/div>\n<\/div>\n<div><\/div>\n<div class=\"content__signa-share mc-column\">\n<div class=\"content__signature\">\n<div class=\"content-publication-data\">\n<div class=\"content-publication-data__text\">\n<p class=\"content-publication-data__from\" title=\"Reda\u00e7\u00e3o TV Globo e g1 SP\">Por\u00a0<a class=\"multi_signatures\" href=\"https:\/\/g1.globo.com\/autores\/redacao-tv-globo-e-g1-sp\/\">Reda\u00e7\u00e3o TV Globo e g1 SP<\/a><\/p>\n<\/div>\n<\/div>\n<\/div>\n<\/div>\n<div class=\"glb-share-bar content__share-bar\">\n<div class=\"glb-share-bar_icons\">\n<div class=\"glb-share-bar_button-img\"><\/div>\n<\/div>\n<\/div>\n<\/div>\n<div class=\"mc-article-body\">\n<article>\n<div id=\"chunk-531hd\">\n<div class=\"cxm-video-block mc-column  content-media content-video\" data-block-type=\"backstage-video\" data-block-id=\"2\">\n<div class=\"content-media__container content-media__container--codex-fallback\">\n<div class=\"content-video__bigger-player-description-fixer\">\n<article class=\"content-video\">\n<section class=\"content-video__video-container\">\n<div class=\"content-video__video\">\n<div class=\"content-video__placeholder\" data-video-id=\"14024709\"><img decoding=\"async\" class=\"content-video__placeholder__thumb\" title=\"Pol\u00edcia de S\u00e3o Paulo encontra ossadas humanas em apartamento de bairro nobre da capital paulista\" src=\"https:\/\/s02.video.glbimg.com\/x240\/14024709.jpg\" alt=\"Pol\u00edcia de S\u00e3o Paulo encontra ossadas humanas em apartamento de bairro nobre da capital paulista\" \/><\/div>\n<\/div>\n<\/section>\n<\/article>\n<\/div>\n<div class=\"bs-block-video__container\">\n<p class=\"codex-caption codex-caption--small\">Pol\u00edcia de S\u00e3o Paulo encontra ossadas humanas em apartamento de bairro nobre da capital paulista<\/p>\n<\/div>\n<\/div>\n<\/div>\n<\/div>\n<div id=\"chunk-45cnn\">\n<div class=\"mc-column mc-side-item__container\" data-block-type=\"ads\" data-block-id=\"4\">\n<div class=\"mc-side-item mc-side-item--right content-ads content-ads--side-ad\">\n<div id=\"banner_materia1\">\n<div id=\"google_ads_iframe_\/95377733\/tvg_G1\/Sua_Regiao&gt;Sudeste&gt;Sao_Paulo_1__container__\" style=\"box-sizing: inherit; margin: auto; padding: 0px; border: 0pt none; font: inherit; vertical-align: baseline; text-align: center;\"><\/div>\n<\/div>\n<\/div>\n<\/div>\n<\/div>\n<div id=\"chunk-arq2k\">\n<div class=\"mc-column content-text active-extra-styles \" data-block-type=\"unstyled\" data-block-weight=\"33\" data-block-id=\"3\">\n<p class=\" content-text__container \" data-track-category=\"Link no Texto\" data-track-links=\"\" data-mrf-recirculation=\"Mat\u00e9ria - Links no Texto\">A Pol\u00edcia Militar encontrou na manh\u00e3 de s\u00e1bado (18) 12 cr\u00e2nios e diversos ossos humanos dentro de um apartamento na Rua Guarar\u00e1, no Jardim Paulista, bairro nobre da Zona Oeste de\u00a0<a class=\"\" href=\"https:\/\/g1.globo.com\/sp\/sao-paulo\/cidade\/sao-paulo\/\" data-mrf-link=\"https:\/\/g1.globo.com\/sp\/sao-paulo\/cidade\/sao-paulo\/\">S\u00e3o Paulo<\/a>.<\/p>\n<\/div>\n<\/div>\n<div class=\"wall protected-content\">\n<div id=\"chunk-4llvj\">\n<div class=\"mc-column content-text active-extra-styles \" data-block-type=\"unstyled\" data-block-weight=\"42\" data-block-id=\"5\">\n<p class=\" content-text__container \" data-track-category=\"Link no Texto\" data-track-links=\"\" data-mrf-recirculation=\"Mat\u00e9ria - Links no Texto\">O dono do im\u00f3vel, um homem de 79 anos, foi encontrado morto na segunda-feira (13) por parentes. Ele vivia sozinho e, segundo o boletim de ocorr\u00eancia, n\u00e3o havia sinais de viol\u00eancia no corpo dele. A causa da morte dele n\u00e3o foi informada.<\/p>\n<\/div>\n<\/div>\n<div id=\"chunk-dkaeh\">\n<div class=\"mc-column content-text active-extra-styles \" data-block-type=\"unstyled\" data-block-weight=\"32\" data-block-id=\"7\">\n<p class=\" content-text__container \" data-track-category=\"Link no Texto\" data-track-links=\"\" data-mrf-recirculation=\"Mat\u00e9ria - Links no Texto\">De acordo com a Secretaria da Seguran\u00e7a P\u00fablica (SSP), um parente do propriet\u00e1rio estava no apartamento para limpar o im\u00f3vel e retirar pertences quando localizou os ossos acionou a Pol\u00edcia Militar.<\/p>\n<\/div>\n<\/div>\n<div id=\"chunk-b8umo\">\n<div class=\"content-ads\" data-block-type=\"ads\" data-block-id=\"8\"><\/div>\n<\/div>\n<div id=\"chunk-aljap\">\n<div class=\"mc-column content-text active-extra-styles \" data-block-type=\"unstyled\" data-block-weight=\"29\" data-block-id=\"9\">\n<p class=\" content-text__container \" data-track-category=\"Link no Texto\" data-track-links=\"\" data-mrf-recirculation=\"Mat\u00e9ria - Links no Texto\">Foram encontrados, ent\u00e3o, 12 cr\u00e2nios e outros ossos humanos guardados em caixas e sacolas. Junto das ossadas, havia fotos antigas em preto e branco de v\u00e1rias pessoas e objetos.<\/p>\n<\/div>\n<\/div>\n<div id=\"chunk-ecvcr\">\n<div class=\"mc-column content-text active-extra-styles \" data-block-type=\"unstyled\" data-block-weight=\"10\" data-block-id=\"10\">\n<p class=\" content-text__container \" data-track-category=\"Link no Texto\" data-track-links=\"\" data-mrf-recirculation=\"Mat\u00e9ria - Links no Texto\">A PM diz que o propriet\u00e1rio sofria de transtornos psiqui\u00e1tricos.<\/p>\n<\/div>\n<\/div>\n<div id=\"chunk-ap76p\">\n<div class=\"mc-column content-text active-extra-styles\" data-block-type=\"raw\" data-block-weight=\"22\" data-block-id=\"11\">\n<p class=\"content-text__container\" data-mrf-recirculation=\"Mat\u00e9ria - Links no Texto\">\n<blockquote class=\"content-blockquote theme-border-color-primary-before\"><p>A principal suspeita da pol\u00edcia \u00e9 que os restos mortais tenham sido furtados de cemit\u00e9rios da capital. Ferramentas foram encontradas no im\u00f3vel.<\/p><\/blockquote>\n<p>&nbsp;<\/p>\n<\/div>\n<\/div>\n<div id=\"chunk-161il\">\n<div class=\"mc-column content-text active-extra-styles\" data-block-type=\"quote-plugin\" data-block-id=\"12\">\n<div class=\"show-block-quote\">\n<div class=\"show-block-quote__image\"><\/div>\n<div class=\"show-block-quote__caption\">Tinham alguns instrumentos como enxadas e maquin\u00e1rios que a gente acredita que ele usou pra fazer essa subtra\u00e7\u00e3o.<\/div>\n<div class=\"show-block-quote__after-caption\"><\/div>\n<div class=\"show-block-quote__author\">\u2014 Diellem Navarro de Souza, policial<\/div>\n<\/div>\n<\/div>\n<\/div>\n<div id=\"chunk-c1ova\">\n<div class=\"row medium-uncollapsed content-media content-photo\" data-block-type=\"backstage-photo\" data-block-id=\"13\">\n<div class=\" mc-column  content-media__container\">\n<div class=\"content-media-container glb-skeleton-box\">\n<figure class=\"content-media-figure\"><img decoding=\"async\" class=\"i-amphtml-fill-content i-amphtml-replaced-content\" src=\"https:\/\/s2-g1.glbimg.com\/B82L_8nyX-8xtFWKQ_wKsUtMD5U=\/0x0:1200x650\/984x0\/smart\/filters:strip_icc()\/i.s3.glbimg.com\/v1\/AUTH_59edd422c0c84a879bd37670ae4f538a\/internal_photos\/bs\/2025\/w\/N\/XFU5eFRzyBAP2LQwzCaw\/fotojet-22-.jpg\" sizes=\"(max-width: 1366px) 648px, 100vw\" srcset=\"https:\/\/s2-g1.glbimg.com\/pB9_6eNgJK0NW0S9EM9q80FF0fQ=\/0x0:1200x650\/1000x0\/smart\/filters:strip_icc()\/i.s3.glbimg.com\/v1\/AUTH_59edd422c0c84a879bd37670ae4f538a\/internal_photos\/bs\/2025\/w\/N\/XFU5eFRzyBAP2LQwzCaw\/fotojet-22-.jpg 1000w, https:\/\/s2-g1.glbimg.com\/B82L_8nyX-8xtFWKQ_wKsUtMD5U=\/0x0:1200x650\/984x0\/smart\/filters:strip_icc()\/i.s3.glbimg.com\/v1\/AUTH_59edd422c0c84a879bd37670ae4f538a\/internal_photos\/bs\/2025\/w\/N\/XFU5eFRzyBAP2LQwzCaw\/fotojet-22-.jpg 984w, https:\/\/s2-g1.glbimg.com\/JDMd2boLe8zqz6nvZJU8cwS5DIc=\/0x0:1200x650\/640x0\/smart\/filters:strip_icc()\/i.s3.glbimg.com\/v1\/AUTH_59edd422c0c84a879bd37670ae4f538a\/internal_photos\/bs\/2025\/w\/N\/XFU5eFRzyBAP2LQwzCaw\/fotojet-22-.jpg 640w, https:\/\/s2-g1.glbimg.com\/tngBd_6ZzA4FE6h1h-FlqDzEsfM=\/0x0:1200x650\/600x0\/smart\/filters:strip_icc()\/i.s3.glbimg.com\/v1\/AUTH_59edd422c0c84a879bd37670ae4f538a\/internal_photos\/bs\/2025\/w\/N\/XFU5eFRzyBAP2LQwzCaw\/fotojet-22-.jpg 600w\" alt=\"Ossos humanos e fotografias s\u00e3o encontradas em apartamento no Jardim Paulista. \u2014 Foto: Montagem\/g1\/Divulga\u00e7\u00e3o\/Pol\u00edcia Militar\" \/><\/figure>\n<\/div>\n<p class=\"content-media__description  \">Ossos humanos e fotografias s\u00e3o encontradas em apartamento no Jardim Paulista. \u2014 Foto: Montagem\/g1\/Divulga\u00e7\u00e3o\/Pol\u00edcia Militar<\/p>\n<\/div>\n<\/div>\n<\/div>\n<div id=\"chunk-djanp\">\n<div class=\"mc-column content-text active-extra-styles \" data-block-type=\"unstyled\" data-block-weight=\"22\" data-block-id=\"15\">\n<p class=\" content-text__container \" data-track-category=\"Link no Texto\" data-track-links=\"\" data-mrf-recirculation=\"Mat\u00e9ria - Links no Texto\">A TV Globo tentou contato com os parentes do dono do im\u00f3vel e funcion\u00e1rios do pr\u00e9dio, mas eles n\u00e3o quiseram gravar entrevista.<\/p>\n<\/div>\n<\/div>\n<div id=\"chunk-33pkl\">\n<div class=\"mc-column content-text active-extra-styles \" data-block-type=\"unstyled\" data-block-weight=\"28\" data-block-id=\"16\">\n<p class=\" content-text__container \" data-track-category=\"Link no Texto\" data-track-links=\"\" data-mrf-recirculation=\"Mat\u00e9ria - Links no Texto\">Todo o material foi apreendido e encaminhado para an\u00e1lise no Instituto de Criminal\u00edstica. Os peritos v\u00e3o tentar identificar de quem eram as ossadas e de onde foram retiradas.<\/p>\n<\/div>\n<\/div>\n<div id=\"chunk-e7emk\">\n<div class=\"mc-column content-text active-extra-styles \" data-block-type=\"unstyled\" data-block-weight=\"21\" data-block-id=\"17\">\n<p class=\" content-text__container \" data-track-category=\"Link no Texto\" data-track-links=\"\" data-mrf-recirculation=\"Mat\u00e9ria - Links no Texto\">O caso foi registrado como encontro de cad\u00e1ver e destrui\u00e7\u00e3o, subtra\u00e7\u00e3o ou oculta\u00e7\u00e3o de cad\u00e1ver no 78\u00b0 Distrito Policial, no Jardins.<\/p>\n<\/div>\n<\/div>\n<div id=\"chunk-2oda8\">\n<div class=\"cxm-video-block mc-column  content-media content-video\" data-block-type=\"backstage-video\" data-block-id=\"18\">\n<div class=\"content-media__container content-media__container--codex-fallback\">\n<div class=\"content-video__bigger-player-description-fixer\">\n<article class=\"content-video\">\n<section class=\"content-video__video-container\">\n<div class=\"content-video__video\">\n<div class=\"content-video__placeholder\" data-video-id=\"14023316\"><img decoding=\"async\" class=\"content-video__placeholder__thumb\" title=\"Pol\u00edcia encontra cr\u00e2nios e ossos humanos em apartamento no Jardim Paulista, em SP\" src=\"https:\/\/s01.video.glbimg.com\/x240\/14023316.jpg\" alt=\"Pol\u00edcia encontra cr\u00e2nios e ossos humanos em apartamento no Jardim Paulista, em SP\" \/><\/div>\n<\/div>\n<\/section>\n<\/article>\n<\/div>\n<div class=\"bs-block-video__container\">\n<p class=\"codex-caption codex-caption--small\">Pol\u00edcia encontra cr\u00e2nios e ossos humanos em apartamento no Jardim Paulista, em SP<\/p>\n<p>Fonte: G1<\/p>\n<\/div>\n<\/div>\n<\/div>\n<\/div>\n<\/div>\n<\/article>\n<\/div>\n","protected":false},"excerpt":{"rendered":"<p>Pol\u00edcia encontra cr\u00e2nios e ossos humanos em apartamento no Jardim Paulista, em SP A principal hip\u00f3tese \u00e9 que os restos<\/p>\n","protected":false},"author":1,"featured_media":10299,"comment_status":"open","ping_status":"open","sticky":false,"template":"","format":"standard","meta":{"colormag_page_container_layout":"default_layout","colormag_page_sidebar_layout":"default_layout","footnotes":""},"categories":[3],"tags":[],"class_list":["post-10291","post","type-post","status-publish","format-standard","has-post-thumbnail","hentry","category-seu-bairro"],"_links":{"self":[{"href":"http:\/\/metropoleemfoco.com.br\/index.php?rest_route=\/wp\/v2\/posts\/10291","targetHints":{"allow":["GET"]}}],"collection":[{"href":"http:\/\/metropoleemfoco.com.br\/index.php?rest_route=\/wp\/v2\/posts"}],"about":[{"href":"http:\/\/metropoleemfoco.com.br\/index.php?rest_route=\/wp\/v2\/types\/post"}],"author":[{"embeddable":true,"href":"http:\/\/metropoleemfoco.com.br\/index.php?rest_route=\/wp\/v2\/users\/1"}],"replies":[{"embeddable":true,"href":"http:\/\/metropoleemfoco.com.br\/index.php?rest_route=%2Fwp%2Fv2%2Fcomments&post=10291"}],"version-history":[{"count":1,"href":"http:\/\/metropoleemfoco.com.br\/index.php?rest_route=\/wp\/v2\/posts\/10291\/revisions"}],"predecessor-version":[{"id":10300,"href":"http:\/\/metropoleemfoco.com.br\/index.php?rest_route=\/wp\/v2\/posts\/10291\/revisions\/10300"}],"wp:featuredmedia":[{"embeddable":true,"href":"http:\/\/metropoleemfoco.com.br\/index.php?rest_route=\/wp\/v2\/media\/10299"}],"wp:attachment":[{"href":"http:\/\/metropoleemfoco.com.br\/index.php?rest_route=%2Fwp%2Fv2%2Fmedia&parent=10291"}],"wp:term":[{"taxonomy":"category","embeddable":true,"href":"http:\/\/metropoleemfoco.com.br\/index.php?rest_route=%2Fwp%2Fv2%2Fcategories&post=10291"},{"taxonomy":"post_tag","embeddable":true,"href":"http:\/\/metropoleemfoco.com.br\/index.php?rest_route=%2Fwp%2Fv2%2Ftags&post=10291"}],"curies":[{"name":"wp","href":"https:\/\/api.w.org\/{rel}","templated":true}]}}