{"id":10274,"date":"2025-10-16T17:15:08","date_gmt":"2025-10-16T20:15:08","guid":{"rendered":"http:\/\/metropoleemfoco.com.br\/?p=10274"},"modified":"2025-10-16T17:15:08","modified_gmt":"2025-10-16T20:15:08","slug":"projeto-da-nova-planta-generica-de-valores-de-sp-deve-ser-votado-na-proxima-semana","status":"publish","type":"post","link":"http:\/\/metropoleemfoco.com.br\/?p=10274","title":{"rendered":"Projeto da nova Planta Gen\u00e9rica de Valores de SP deve ser votado na pr\u00f3xima semana"},"content":{"rendered":"<div class=\"mc-article-header\">\n<div class=\"row content-head mc-column non-featured \">\n<div class=\"title\" data-block-type=\"title\" data-block-id=\"0\">\n<h1 class=\"content-head__title\">Projeto da nova Planta Gen\u00e9rica de Valores de SP deve ser votado na pr\u00f3xima semana; entenda<\/h1>\n<\/div>\n<div class=\"medium-centered subtitle\">\n<h2 class=\"content-head__subtitle\">Audi\u00eancia p\u00fablica explicou nesta quarta-feira (15) como a Prefeitura de S\u00e3o Paulo calcula o valor de cada im\u00f3vel usado como base para a cobran\u00e7a do imposto; projeto serve de base para a cobran\u00e7a do IPTU.<\/h2>\n<\/div>\n<\/div>\n<div><\/div>\n<div class=\"content__signa-share mc-column\">\n<div class=\"content__signature\">\n<div class=\"content-publication-data\">\n<div class=\"content-publication-data__text\">\n<p class=\"content-publication-data__from\" title=\"Giba Bergamim\">Por\u00a0<a class=\"multi_signatures\" href=\"https:\/\/g1.globo.com\/autores\/giba-bergamim\/\">Giba Bergamim<\/a>, TV Globo \u2014 S\u00e3o Paulo<\/p>\n<\/div>\n<\/div>\n<\/div>\n<\/div>\n<div class=\"glb-share-bar content__share-bar\">\n<div class=\"glb-share-bar_icons\">\n<div class=\"glb-share-bar_button-img\"><\/div>\n<\/div>\n<\/div>\n<\/div>\n<div class=\"mc-article-body\">\n<article>\n<div id=\"chunk-1s841\">\n<div class=\"cxm-video-block mc-column  content-media content-video\" data-block-type=\"backstage-video\" data-block-id=\"2\">\n<div class=\"content-media__container content-media__container--codex-fallback\">\n<div class=\"content-video__bigger-player-description-fixer\">\n<article class=\"content-video\">\n<section class=\"content-video__video-container\">\n<div class=\"content-video__video\">\n<div class=\"content-video__placeholder\" data-video-id=\"14015522\"><img decoding=\"async\" class=\"content-video__placeholder__thumb\" title=\"Prefeitura explica, em audi\u00eancia p\u00fablica, c\u00e1lculos da novo Planta Gen\u00e9rica que serve de base para o IPTU e reconhece que mais impostos devem ter aumento do que redu\u00e7\u00e3o do imposto\" src=\"https:\/\/s03.video.glbimg.com\/x240\/14015522.jpg\" alt=\"Prefeitura explica, em audi\u00eancia p\u00fablica, c\u00e1lculos da novo Planta Gen\u00e9rica que serve de base para o IPTU e reconhece que mais impostos devem ter aumento do que redu\u00e7\u00e3o do imposto\" \/><\/div>\n<\/div>\n<\/section>\n<\/article>\n<\/div>\n<div class=\"bs-block-video__container\">\n<p class=\"codex-caption codex-caption--small\">Prefeitura explica, em audi\u00eancia p\u00fablica, c\u00e1lculos da novo Planta Gen\u00e9rica que serve de base para o IPTU e reconhece que mais impostos devem ter aumento do que redu\u00e7\u00e3o do imposto<\/p>\n<\/div>\n<\/div>\n<\/div>\n<\/div>\n<div id=\"chunk-e90lh\">\n<div class=\"mc-column content-text active-extra-styles \" data-block-type=\"unstyled\" data-block-weight=\"49\" data-block-id=\"3\">\n<p class=\" content-text__container \" data-track-category=\"Link no Texto\" data-track-links=\"\" data-mrf-recirculation=\"Mat\u00e9ria - Links no Texto\">O projeto da nova Planta Gen\u00e9rica de Valores da capital, que serve de base para a cobran\u00e7a do IPTU (Imposto Predial e Territorial Urbano), deve ser votado em definitivo na pr\u00f3xima semana. Nesta quarta-feira (15), a C\u00e2mara Municipal realizou uma audi\u00eancia p\u00fablica para explicar como foram feitos os c\u00e1lculos.<\/p>\n<\/div>\n<\/div>\n<div class=\"wall protected-content\">\n<div id=\"chunk-5bva8\">\n<div class=\"mc-column content-text active-extra-styles \" data-block-type=\"unstyled\" data-block-weight=\"44\" data-block-id=\"5\">\n<p class=\" content-text__container \" data-track-category=\"Link no Texto\" data-track-links=\"\" data-mrf-recirculation=\"Mat\u00e9ria - Links no Texto\">Durante a apresenta\u00e7\u00e3o, a Prefeitura de\u00a0<a class=\"\" href=\"https:\/\/g1.globo.com\/sp\/sao-paulo\/cidade\/sao-paulo\/\" data-mrf-link=\"https:\/\/g1.globo.com\/sp\/sao-paulo\/cidade\/sao-paulo\/\">S\u00e3o Paulo<\/a>\u00a0detalhou a metodologia usada para chegar ao valor de cada im\u00f3vel na cidade, o que se chama de Planta Gen\u00e9rica de Valores. E s\u00e3o nesses n\u00fameros que a administra\u00e7\u00e3o municipal se baseia para cobrar o imposto.<\/p>\n<\/div>\n<\/div>\n<div id=\"chunk-6r812\">\n<div class=\"mc-column content-text active-extra-styles \" data-block-type=\"unstyled\" data-block-weight=\"50\" data-block-id=\"6\">\n<p class=\" content-text__container \" data-track-category=\"Link no Texto\" data-track-links=\"\" data-mrf-recirculation=\"Mat\u00e9ria - Links no Texto\">Por lei, a cada quatro anos a prefeitura precisa atualizar a Planta Gen\u00e9rica de Valores. O processo\u00a0<strong>come\u00e7a com uma pesquisa de mercado para identificar o pre\u00e7o do metro quadrado em cada bairro da cidade.\u00a0<\/strong>Em seguida, s\u00e3o aplicados c\u00e1lculos e descontos at\u00e9 se chegar ao valor final do IPTU.<\/p>\n<\/div>\n<\/div>\n<div id=\"chunk-1vfm5\">\n<div class=\"row medium-uncollapsed content-media content-photo\" data-block-type=\"backstage-photo\" data-block-id=\"8\">\n<div class=\" mc-column  content-media__container\">\n<div class=\"content-media-container glb-skeleton-box\">\n<figure class=\"content-media-figure\"><img decoding=\"async\" class=\"i-amphtml-fill-content i-amphtml-replaced-content\" src=\"https:\/\/s2-g1.glbimg.com\/yjGZhM-HcNKJHvWM88Zy4qXlMz8=\/0x0:1920x1080\/984x0\/smart\/filters:strip_icc()\/i.s3.glbimg.com\/v1\/AUTH_59edd422c0c84a879bd37670ae4f538a\/internal_photos\/bs\/2025\/N\/B\/GGkPDbRdC5ocMSw67J0A\/videoframe-581910.png\" sizes=\"(max-width: 1366px) 648px, 100vw\" srcset=\"https:\/\/s2-g1.glbimg.com\/oesIay6i7NFJ51Fs4gAF3R7Fm04=\/0x0:1920x1080\/1000x0\/smart\/filters:strip_icc()\/i.s3.glbimg.com\/v1\/AUTH_59edd422c0c84a879bd37670ae4f538a\/internal_photos\/bs\/2025\/N\/B\/GGkPDbRdC5ocMSw67J0A\/videoframe-581910.png 1000w, https:\/\/s2-g1.glbimg.com\/yjGZhM-HcNKJHvWM88Zy4qXlMz8=\/0x0:1920x1080\/984x0\/smart\/filters:strip_icc()\/i.s3.glbimg.com\/v1\/AUTH_59edd422c0c84a879bd37670ae4f538a\/internal_photos\/bs\/2025\/N\/B\/GGkPDbRdC5ocMSw67J0A\/videoframe-581910.png 984w, https:\/\/s2-g1.glbimg.com\/iFjLiGAMI_ZQqKHM5Bx1N1WCWGQ=\/0x0:1920x1080\/640x0\/smart\/filters:strip_icc()\/i.s3.glbimg.com\/v1\/AUTH_59edd422c0c84a879bd37670ae4f538a\/internal_photos\/bs\/2025\/N\/B\/GGkPDbRdC5ocMSw67J0A\/videoframe-581910.png 640w, https:\/\/s2-g1.glbimg.com\/3cUekioeERrgjnYAhQ3ZpMaXQYk=\/0x0:1920x1080\/600x0\/smart\/filters:strip_icc()\/i.s3.glbimg.com\/v1\/AUTH_59edd422c0c84a879bd37670ae4f538a\/internal_photos\/bs\/2025\/N\/B\/GGkPDbRdC5ocMSw67J0A\/videoframe-581910.png 600w\" alt=\"Mapas exibidos na audi\u00eancia mostraram os bairros mais valorizados da cidade. \u2014 Foto: Reprodu\u00e7\u00e3o\/TV Globo\" \/><\/figure>\n<\/div>\n<p class=\"content-media__description  \">Mapas exibidos na audi\u00eancia mostraram os bairros mais valorizados da cidade. \u2014 Foto: Reprodu\u00e7\u00e3o\/TV Globo<\/p>\n<\/div>\n<\/div>\n<\/div>\n<div id=\"chunk-66njp\">\n<div class=\"mc-column content-text active-extra-styles \" data-block-type=\"unstyled\" data-block-weight=\"45\" data-block-id=\"9\">\n<p class=\" content-text__container \" data-track-category=\"Link no Texto\" data-track-links=\"\" data-mrf-recirculation=\"Mat\u00e9ria - Links no Texto\">Mapas exibidos na audi\u00eancia mostraram os bairros mais valorizados da cidade.\u00a0<strong>Quanto mais azul, mais barato o metro quadrado; quanto mais vermelho, mais caro.\u00a0<\/strong>Outro mapa destacou, em vermelho escuro, as regi\u00f5es que mais valorizaram nos \u00faltimos quatro anos, como Pinheiros, Jardins e Barra Funda.<\/p>\n<\/div>\n<\/div>\n<div id=\"chunk-e1pb7\">\n<div class=\"mc-column content-text active-extra-styles \" data-block-type=\"unstyled\" data-block-weight=\"23\" data-block-id=\"10\">\n<p class=\" content-text__container \" data-track-category=\"Link no Texto\" data-track-links=\"\" data-mrf-recirculation=\"Mat\u00e9ria - Links no Texto\">De acordo com Tiago Rubio Salvioni, subsecret\u00e1rio da Receita Municipal, mais im\u00f3veis devem ter reajuste do que redu\u00e7\u00e3o no IPTU no pr\u00f3ximo ano.<\/p>\n<\/div>\n<\/div>\n<div id=\"chunk-3ecab\">\n<div class=\"mc-column content-text active-extra-styles\" data-block-type=\"raw\" data-block-weight=\"19\" data-block-id=\"11\">\n<p class=\"content-text__container\" data-mrf-recirculation=\"Mat\u00e9ria - Links no Texto\">\n<blockquote class=\"content-blockquote theme-border-color-primary-before\"><p>&#8220;A tend\u00eancia \u00e9 que ocorram mais im\u00f3veis com aumento, fruto da valoriza\u00e7\u00e3o imobili\u00e1ria, que foi praticamente universal na cidade&#8221;.<\/p><\/blockquote>\n<p>&nbsp;<\/p>\n<\/div>\n<\/div>\n<div id=\"chunk-fk8ik\">\n<div class=\"mc-column content-text active-extra-styles \" data-block-type=\"unstyled\" data-block-weight=\"20\" data-block-id=\"12\">\n<p class=\" content-text__container \" data-track-category=\"Link no Texto\" data-track-links=\"\" data-mrf-recirculation=\"Mat\u00e9ria - Links no Texto\">Questionado se 70% desses im\u00f3veis v\u00e3o ter algum aumento do IPTU, Subio disse que ter\u00e3o, sendo de 1% a 20%.<\/p>\n<\/div>\n<\/div>\n<div id=\"chunk-2r4ml\">\n<div class=\"row medium-uncollapsed content-media content-photo\" data-block-type=\"backstage-photo\" data-block-id=\"14\">\n<div class=\" mc-column  content-media__container\">\n<div class=\"content-media-container glb-skeleton-box\">\n<figure class=\"content-media-figure\"><img decoding=\"async\" class=\"i-amphtml-fill-content i-amphtml-replaced-content\" src=\"https:\/\/s2-g1.glbimg.com\/F08td1C0ue-b0qjfIJJ1an6VtJg=\/0x0:3000x2000\/984x0\/smart\/filters:strip_icc()\/i.s3.glbimg.com\/v1\/AUTH_59edd422c0c84a879bd37670ae4f538a\/internal_photos\/bs\/2025\/g\/Z\/0FebZkQ6evbvHBWnxTsQ\/ato20250131034.jpg\" sizes=\"(max-width: 1366px) 648px, 100vw\" srcset=\"https:\/\/s2-g1.glbimg.com\/Eaj7l5c1XwQXkMuxjaatqYPBe7I=\/0x0:3000x2000\/1000x0\/smart\/filters:strip_icc()\/i.s3.glbimg.com\/v1\/AUTH_59edd422c0c84a879bd37670ae4f538a\/internal_photos\/bs\/2025\/g\/Z\/0FebZkQ6evbvHBWnxTsQ\/ato20250131034.jpg 1000w, https:\/\/s2-g1.glbimg.com\/F08td1C0ue-b0qjfIJJ1an6VtJg=\/0x0:3000x2000\/984x0\/smart\/filters:strip_icc()\/i.s3.glbimg.com\/v1\/AUTH_59edd422c0c84a879bd37670ae4f538a\/internal_photos\/bs\/2025\/g\/Z\/0FebZkQ6evbvHBWnxTsQ\/ato20250131034.jpg 984w, https:\/\/s2-g1.glbimg.com\/WG4wMbguA9aLp1VqMN8qflJzJxU=\/0x0:3000x2000\/640x0\/smart\/filters:strip_icc()\/i.s3.glbimg.com\/v1\/AUTH_59edd422c0c84a879bd37670ae4f538a\/internal_photos\/bs\/2025\/g\/Z\/0FebZkQ6evbvHBWnxTsQ\/ato20250131034.jpg 640w, https:\/\/s2-g1.glbimg.com\/0Ru3Drh4Xo4CcJJ1zp7br7GfyMk=\/0x0:3000x2000\/600x0\/smart\/filters:strip_icc()\/i.s3.glbimg.com\/v1\/AUTH_59edd422c0c84a879bd37670ae4f538a\/internal_photos\/bs\/2025\/g\/Z\/0FebZkQ6evbvHBWnxTsQ\/ato20250131034.jpg 600w\" alt=\"Cobran\u00e7a do IPTU 2025 na cidade de S\u00e3o Paulo \u2014 Foto: J.SOUZA\/ATO PRESS\/ESTAD\u00c3O CONTE\u00daDO\" \/><\/figure>\n<\/div>\n<p class=\"content-media__description  \">Cobran\u00e7a do IPTU 2025 na cidade de S\u00e3o Paulo \u2014 Foto: J.SOUZA\/ATO PRESS\/ESTAD\u00c3O CONTE\u00daDO<\/p>\n<\/div>\n<\/div>\n<\/div>\n<div id=\"chunk-8s7rr\">\n<div class=\"mc-column content-text active-extra-styles \" data-block-type=\"unstyled\" data-block-weight=\"63\" data-block-id=\"15\">\n<p class=\" content-text__container \" data-track-category=\"Link no Texto\" data-track-links=\"\" data-mrf-recirculation=\"Mat\u00e9ria - Links no Texto\">Atualmente, h\u00e1 uma trava de 10% de aumento para im\u00f3veis residenciais, que deve ser mantida no pr\u00f3ximo ano. No caso dos im\u00f3veis comerciais,\u00a0<a class=\"\" href=\"https:\/\/g1.globo.com\/sp\/sao-paulo\/noticia\/2025\/10\/08\/iptu-2026-camara-de-sp-aprova-em-1o-turno-projeto-de-lei-com-aumento-de-10percent-para-residencias-e-12percent-para-imoveis-comerciais.ghtml\" data-mrf-link=\"https:\/\/g1.globo.com\/sp\/sao-paulo\/noticia\/2025\/10\/08\/iptu-2026-camara-de-sp-aprova-em-1o-turno-projeto-de-lei-com-aumento-de-10percent-para-residencias-e-12percent-para-imoveis-comerciais.ghtml\">os vereadores aprovaram na semana passada um limite de 12% de reajuste.<\/a>\u00a0A diferen\u00e7a entre o valor real da valoriza\u00e7\u00e3o e o teto poder\u00e1 ser cobrada nos anos seguintes \u2014 por exemplo, 10% em 2026 e mais 10% em 2027.<\/p>\n<\/div>\n<\/div>\n<div id=\"chunk-dler9\">\n<div class=\"mc-column content-text active-extra-styles \" data-block-type=\"unstyled\" data-block-weight=\"44\" data-block-id=\"16\">\n<p class=\" content-text__container \" data-track-category=\"Link no Texto\" data-track-links=\"\" data-mrf-recirculation=\"Mat\u00e9ria - Links no Texto\"><strong>A prefeitura tamb\u00e9m promete corrigir situa\u00e7\u00f5es em que moradores de \u00e1reas mais carentes receberam carn\u00eas com valores considerados altos.<\/strong> \u00c9 o caso de Sormani Lopes da Cruz, auxiliar de contabilidade que mora h\u00e1 anos no Parque Na\u00e7\u00f5es Unidas, regi\u00e3o do Jaragu\u00e1, na Zona Norte.<\/p>\n<\/div>\n<\/div>\n<div id=\"chunk-9fl4l\">\n<div class=\"mc-column content-text active-extra-styles \" data-block-type=\"unstyled\" data-block-weight=\"30\" data-block-id=\"18\">\n<p class=\" content-text__container \" data-track-category=\"Link no Texto\" data-track-links=\"\" data-mrf-recirculation=\"Mat\u00e9ria - Links no Texto\">O bairro, classificado como Zona Especial de Interesse Social (ZEIS), \u00e9 destinado a moradias de baixa renda. Assim como Sormani, outros moradores receberam carn\u00eas com valores retroativos at\u00e9 2021.<\/p>\n<\/div>\n<\/div>\n<div id=\"chunk-f153\">\n<div class=\"mc-column content-text active-extra-styles \" data-block-type=\"unstyled\" data-block-weight=\"37\" data-block-id=\"19\">\n<p class=\" content-text__container \" data-track-category=\"Link no Texto\" data-track-links=\"\" data-mrf-recirculation=\"Mat\u00e9ria - Links no Texto\">Os boletos chegam em nome de uma mesma associa\u00e7\u00e3o, mas com valores individuais para cada im\u00f3vel. Isso ocorre porque toda a \u00e1rea da Rua Giorgio Bassani estava registrada em nome da associa\u00e7\u00e3o que fez o loteamento.<\/p>\n<\/div>\n<\/div>\n<div id=\"chunk-3aigh\">\n<div class=\"mc-column content-text active-extra-styles \" data-block-type=\"unstyled\" data-block-weight=\"33\" data-block-id=\"20\">\n<p class=\" content-text__container \" data-track-category=\"Link no Texto\" data-track-links=\"\" data-mrf-recirculation=\"Mat\u00e9ria - Links no Texto\">A prefeitura, por\u00e9m, identificou que as casas j\u00e1 estavam individualizadas e passou a emitir carn\u00eas separados, com cobran\u00e7a retroativa. Regi\u00f5es como essa devem ser inclu\u00eddas em novas isen\u00e7\u00f5es previstas para as ZEIS.<\/p>\n<\/div>\n<\/div>\n<div id=\"chunk-aicdt\">\n<div class=\"mc-column content-text active-extra-styles \" data-block-type=\"unstyled\" data-block-weight=\"37\" data-block-id=\"21\">\n<p class=\" content-text__container \" data-track-category=\"Link no Texto\" data-track-links=\"\" data-mrf-recirculation=\"Mat\u00e9ria - Links no Texto\">Em nota, a Secretaria Municipal da Fazenda confirmou que, se o projeto do IPTU for aprovado como est\u00e1 hoje, os im\u00f3veis da rua giorgio bassani ficar\u00e3o isentos. Mas disse que o valor j\u00e1 pago n\u00e3o ser\u00e1 devolvido.<\/p>\n<\/div>\n<\/div>\n<div id=\"chunk-50h61\">\n<div class=\"block-podcast\">\nFonte: G1<\/div>\n<\/div>\n<\/div>\n<\/article>\n<\/div>\n","protected":false},"excerpt":{"rendered":"<p>Projeto da nova Planta Gen\u00e9rica de Valores de SP deve ser votado na pr\u00f3xima semana; entenda Audi\u00eancia p\u00fablica explicou nesta<\/p>\n","protected":false},"author":1,"featured_media":10283,"comment_status":"open","ping_status":"open","sticky":false,"template":"","format":"standard","meta":{"colormag_page_container_layout":"default_layout","colormag_page_sidebar_layout":"default_layout","footnotes":""},"categories":[1],"tags":[],"class_list":["post-10274","post","type-post","status-publish","format-standard","has-post-thumbnail","hentry","category-geral"],"_links":{"self":[{"href":"http:\/\/metropoleemfoco.com.br\/index.php?rest_route=\/wp\/v2\/posts\/10274","targetHints":{"allow":["GET"]}}],"collection":[{"href":"http:\/\/metropoleemfoco.com.br\/index.php?rest_route=\/wp\/v2\/posts"}],"about":[{"href":"http:\/\/metropoleemfoco.com.br\/index.php?rest_route=\/wp\/v2\/types\/post"}],"author":[{"embeddable":true,"href":"http:\/\/metropoleemfoco.com.br\/index.php?rest_route=\/wp\/v2\/users\/1"}],"replies":[{"embeddable":true,"href":"http:\/\/metropoleemfoco.com.br\/index.php?rest_route=%2Fwp%2Fv2%2Fcomments&post=10274"}],"version-history":[{"count":1,"href":"http:\/\/metropoleemfoco.com.br\/index.php?rest_route=\/wp\/v2\/posts\/10274\/revisions"}],"predecessor-version":[{"id":10284,"href":"http:\/\/metropoleemfoco.com.br\/index.php?rest_route=\/wp\/v2\/posts\/10274\/revisions\/10284"}],"wp:featuredmedia":[{"embeddable":true,"href":"http:\/\/metropoleemfoco.com.br\/index.php?rest_route=\/wp\/v2\/media\/10283"}],"wp:attachment":[{"href":"http:\/\/metropoleemfoco.com.br\/index.php?rest_route=%2Fwp%2Fv2%2Fmedia&parent=10274"}],"wp:term":[{"taxonomy":"category","embeddable":true,"href":"http:\/\/metropoleemfoco.com.br\/index.php?rest_route=%2Fwp%2Fv2%2Fcategories&post=10274"},{"taxonomy":"post_tag","embeddable":true,"href":"http:\/\/metropoleemfoco.com.br\/index.php?rest_route=%2Fwp%2Fv2%2Ftags&post=10274"}],"curies":[{"name":"wp","href":"https:\/\/api.w.org\/{rel}","templated":true}]}}