{"id":10272,"date":"2025-10-16T17:16:26","date_gmt":"2025-10-16T20:16:26","guid":{"rendered":"http:\/\/metropoleemfoco.com.br\/?p=10272"},"modified":"2025-10-16T17:16:26","modified_gmt":"2025-10-16T20:16:26","slug":"bem-estar-321-saude-masculina-reposicao-de-testosterona-e-os-riscos-no-tratamento","status":"publish","type":"post","link":"http:\/\/metropoleemfoco.com.br\/?p=10272","title":{"rendered":"Bem-Estar #321: sa\u00fade masculina: reposi\u00e7\u00e3o de testosterona e os riscos no tratamento"},"content":{"rendered":"<div class=\"mc-article-header\">\n<div class=\"row content-head mc-column non-featured \">\n<div class=\"title\" data-block-type=\"title\" data-block-id=\"0\">\n<h1 class=\"content-head__title\">Bem-Estar #321: sa\u00fade masculina: reposi\u00e7\u00e3o de testosterona e os riscos no tratamento<\/h1>\n<\/div>\n<div class=\"medium-centered subtitle\">\n<h2 class=\"content-head__subtitle\">Jorge F\u00e9lix conversa com Fernando Facio, chefe do Departamento de Andrologia, Reprodu\u00e7\u00e3o e Medicina Sexual da Sociedade Brasileira de Urologia.<\/h2>\n<\/div>\n<\/div>\n<div><\/div>\n<div class=\"content__signa-share mc-column\">\n<div class=\"content__signature\">\n<div class=\"content-publication-data\">\n<div class=\"content-publication-data__text\">\n<p class=\"content-publication-data__from\" title=\"Bem-Estar\">Por Bem-Estar<\/p>\n<\/div>\n<\/div>\n<\/div>\n<\/div>\n<div class=\"glb-share-bar content__share-bar\">\n<div class=\"glb-share-bar_icons\">\n<div class=\"glb-share-bar_button-img\"><\/div>\n<div class=\"glb-share-bar_button-img\"><\/div>\n<\/div>\n<\/div>\n<\/div>\n<div class=\"mc-article-body\">\n<article>\n<div id=\"chunk-6jkcj\">\n<div class=\"mc-column content-text active-extra-styles \" data-block-type=\"unstyled\" data-block-weight=\"49\" data-block-id=\"2\">\n<p class=\" content-text__container \" data-track-category=\"Link no Texto\" data-track-links=\"\" data-mrf-recirculation=\"Mat\u00e9ria - Links no Texto\">As mulheres falam cada vez mais sobre menopausa e cuidados com o envelhecimento, mas quando o assunto \u00e9 o envelhecimento masculino, o sil\u00eancio ainda predomina. O receio de lidar com a disfun\u00e7\u00e3o er\u00e9til e com a perda de vitalidade faz com que muitos homens deixem de buscar ajuda m\u00e9dica.<\/p>\n<\/div>\n<\/div>\n<div class=\"wall protected-content\">\n<div id=\"chunk-7s7av\">\n<div class=\"mc-column content-text active-extra-styles \" data-block-type=\"unstyled\" data-block-weight=\"25\" data-block-id=\"4\">\n<p class=\" content-text__container \" data-track-category=\"Link no Texto\" data-track-links=\"\" data-mrf-recirculation=\"Mat\u00e9ria - Links no Texto\">Nesta edi\u00e7\u00e3o, o podcast do Bem-Estar discute o Dist\u00farbio Androg\u00eanico do Envelhecimento Masculino (DAEM), condi\u00e7\u00e3o que costuma ser chamada de forma equivocada de \u201candropausa\u201d.<\/p>\n<\/div>\n<\/div>\n<div id=\"chunk-cq6qq\">\n<div class=\"mc-column content-text active-extra-styles \" data-block-type=\"unstyled\" data-block-weight=\"33\" data-block-id=\"5\">\n<p class=\" content-text__container \" data-track-category=\"Link no Texto\" data-track-links=\"\" data-mrf-recirculation=\"Mat\u00e9ria - Links no Texto\">Jorge F\u00e9lix conversa com Fernando Facio, chefe do Departamento de Andrologia, Reprodu\u00e7\u00e3o e Medicina Sexual da Sociedade Brasileira de Urologia. Segundo o m\u00e9dico, o DAEM \u00e9 bem diferente do que ocorre nas mulheres.<\/p>\n<\/div>\n<\/div>\n<div id=\"chunk-2ds11\">\n<div class=\"content-ads content-ads--reveal\" data-block-type=\"ads\" data-block-id=\"6\">\n<div id=\"banner_materia2\">\n<div id=\"google_ads_iframe_\/95377733\/tvg_G1\/Bem_Estar_2__container__\"><\/div>\n<\/div>\n<\/div>\n<\/div>\n<div id=\"chunk-7i4ff\">\n<div class=\"mc-column content-text active-extra-styles\" data-block-type=\"raw\" data-block-weight=\"10\" data-block-id=\"7\">\n<p class=\"content-text__container\" data-mrf-recirculation=\"Mat\u00e9ria - Links no Texto\">\n<div class=\"content-intertitle\">\n<h2>O que \u00e9 DAEM e por que n\u00e3o \u00e9 \u201candropausa\u201d<\/h2>\n<\/div>\n<p>&nbsp;<\/p>\n<\/div>\n<\/div>\n<div id=\"chunk-6v4lr\">\n<div class=\"mc-column content-text active-extra-styles \" data-block-type=\"unstyled\" data-block-weight=\"34\" data-block-id=\"8\">\n<p class=\" content-text__container \" data-track-category=\"Link no Texto\" data-track-links=\"\" data-mrf-recirculation=\"Mat\u00e9ria - Links no Texto\">De acordo com Facio, a menopausa representa o fim da ovula\u00e7\u00e3o e uma queda abrupta dos horm\u00f4nios femininos. J\u00e1 nos homens, a produ\u00e7\u00e3o de testosterona diminui de forma lenta e cont\u00ednua, sem interrup\u00e7\u00e3o completa.<\/p>\n<\/div>\n<\/div>\n<div id=\"chunk-8lqjh\">\n<div class=\"mc-column content-text active-extra-styles \" data-block-type=\"unstyled\" data-block-weight=\"37\" data-block-id=\"9\">\n<p class=\" content-text__container \" data-track-category=\"Link no Texto\" data-track-links=\"\" data-mrf-recirculation=\"Mat\u00e9ria - Links no Texto\">\u201cA partir dos 40 anos, h\u00e1 uma queda m\u00e9dia de 1,2% da testosterona por ano. Quando o homem chega aos 55 ou 60, essa perda pode causar sintomas que afetam a qualidade de vida\u201d, explica o m\u00e9dico.<\/p>\n<\/div>\n<\/div>\n<div id=\"chunk-dk8i8\">\n<div class=\"mc-column content-text active-extra-styles \" data-block-type=\"unstyled\" data-block-weight=\"37\" data-block-id=\"10\">\n<p class=\" content-text__container \" data-track-category=\"Link no Texto\" data-track-links=\"\" data-mrf-recirculation=\"Mat\u00e9ria - Links no Texto\">Por isso, ele refor\u00e7a que o termo \u201candropausa\u201d \u00e9 incorreto: \u201cO homem n\u00e3o deixa de produzir espermatozoides, diferentemente da mulher, que para de liberar \u00f3vulos. O nome mais adequado \u00e9 DAEM, o dist\u00farbio androg\u00eanico do envelhecimento masculino.\u201d<\/p>\n<\/div>\n<\/div>\n<div id=\"chunk-c5pp3\">\n<div class=\"show-multicontent-block\">\n<div class=\"show-multicontent-block-container\" data-track-category=\"multicontent\" data-track-action=\"show-multicontent-block\" data-track-scroll=\"view | Reposi\u00e7\u00e3o da testosterona em homens: entenda os riscos do uso abusivo | \" data-block-type=\"mini-post | editorial\" data-block-id=\"11\">\n<div class=\"show-multicontent-block mc-column\" data-track-action=\"Click\">\n<div class=\"show-multicontent-block__thumbnail-wrapper\" data-track-click=\"click midia | Reposi\u00e7\u00e3o da testosterona em homens: entenda os riscos do uso abusivo | \"><img decoding=\"async\" class=\"show-multicontent-block__thumbnail-wrapper__default glb-skeleton-box\" src=\"https:\/\/s2-g1.glbimg.com\/RocSsekZxWiA_MFUnitX6CVJUtA=\/320x200\/middle\/smart\/https:\/\/i.s3.glbimg.com\/v1\/AUTH_59edd422c0c84a879bd37670ae4f538a\/internal_photos\/bs\/2025\/0\/P\/4CUrBKSWemJhgWAxmKVg\/1-55-.png\" \/><\/div>\n<div class=\"show-multicontent-block__content\">\n<p class=\"show-multicontent-block__title\" data-track-click=\"click titulo | Reposi\u00e7\u00e3o da testosterona em homens: entenda os riscos do uso abusivo | \">Reposi\u00e7\u00e3o da testosterona em homens: entenda os riscos do uso abusivo<\/p>\n<div class=\"show-multicontent-block__more\" data-track-click=\"click saiba mais | Reposi\u00e7\u00e3o da testosterona em homens: entenda os riscos do uso abusivo | \">Saiba mais<\/div>\n<\/div>\n<\/div>\n<\/div>\n<\/div>\n<\/div>\n<div id=\"chunk-ek1a0\">\n<div class=\"content-ads content-ads--reveal\" data-block-type=\"ads\" data-block-id=\"12\">\n<div id=\"banner_materia__16d87e44-e7ce-4948-9d60-c4dd56098776\">\n<div id=\"google_ads_iframe_\/95377733\/tvg_G1\/Bem_Estar_3__container__\"><\/div>\n<\/div>\n<\/div>\n<\/div>\n<div id=\"chunk-ddfs3\">\n<div class=\"mc-column content-text active-extra-styles\" data-block-type=\"raw\" data-block-weight=\"5\" data-block-id=\"13\">\n<p class=\"content-text__container\" data-mrf-recirculation=\"Mat\u00e9ria - Links no Texto\">\n<div class=\"content-intertitle\">\n<h2>Sintomas aparecem de forma gradual<\/h2>\n<\/div>\n<p>&nbsp;<\/p>\n<\/div>\n<\/div>\n<div id=\"chunk-a2sit\">\n<div class=\"mc-column content-text active-extra-styles \" data-block-type=\"unstyled\" data-block-weight=\"32\" data-block-id=\"14\">\n<p class=\" content-text__container \" data-track-category=\"Link no Texto\" data-track-links=\"\" data-mrf-recirculation=\"Mat\u00e9ria - Links no Texto\">Os sinais do DAEM surgem aos poucos e variam de pessoa para pessoa. Entre eles est\u00e3o queda da libido, irritabilidade, ganho de peso, sono ruim, ronco, perda de energia e disfun\u00e7\u00e3o er\u00e9til.<\/p>\n<\/div>\n<\/div>\n<div id=\"chunk-7g5ma\">\n<div class=\"mc-column content-text active-extra-styles \" data-block-type=\"unstyled\" data-block-weight=\"33\" data-block-id=\"15\">\n<p class=\" content-text__container \" data-track-category=\"Link no Texto\" data-track-links=\"\" data-mrf-recirculation=\"Mat\u00e9ria - Links no Texto\">\u201cO homem vai se transformando ao longo do envelhecimento. O problema \u00e9 que ele s\u00f3 procura o m\u00e9dico quando o sintoma j\u00e1 est\u00e1 instalado, principalmente quando tem dificuldade de ere\u00e7\u00e3o\u201d, diz o especialista.<\/p>\n<\/div>\n<\/div>\n<div id=\"chunk-69gj7\">\n<div class=\"mc-column content-text active-extra-styles \" data-block-type=\"unstyled\" data-block-weight=\"26\" data-block-id=\"16\">\n<p class=\" content-text__container \" data-track-category=\"Link no Texto\" data-track-links=\"\" data-mrf-recirculation=\"Mat\u00e9ria - Links no Texto\">Segundo ele, a falta de preven\u00e7\u00e3o \u00e9 um dos fatores que explicam por que os homens vivem de tr\u00eas a cinco anos menos que as mulheres.<\/p>\n<\/div>\n<\/div>\n<div id=\"chunk-9imep\">\n<div class=\"mc-column content-text active-extra-styles\" data-block-type=\"raw\" data-block-weight=\"9\" data-block-id=\"17\">\n<p class=\"content-text__container\" data-mrf-recirculation=\"Mat\u00e9ria - Links no Texto\">\n<div class=\"content-intertitle\">\n<h2>Nem todo homem com testosterona baixa precisa de reposi\u00e7\u00e3o<\/h2>\n<\/div>\n<p>&nbsp;<\/p>\n<\/div>\n<\/div>\n<div id=\"chunk-1m2hr\">\n<div class=\"mc-column content-text active-extra-styles \" data-block-type=\"unstyled\" data-block-weight=\"29\" data-block-id=\"18\">\n<p class=\" content-text__container \" data-track-category=\"Link no Texto\" data-track-links=\"\" data-mrf-recirculation=\"Mat\u00e9ria - Links no Texto\">Facio alerta que a reposi\u00e7\u00e3o hormonal deve ser feita apenas sob prescri\u00e7\u00e3o m\u00e9dica. \u201cN\u00e3o basta ter testosterona baixa para repor. \u00c9 preciso avaliar sintomas e fazer exames complementares\u201d, afirma.<\/p>\n<\/div>\n<\/div>\n<div id=\"chunk-4kumv\">\n<div class=\"mc-column content-text active-extra-styles \" data-block-type=\"unstyled\" data-block-weight=\"24\" data-block-id=\"19\">\n<p class=\" content-text__container \" data-track-category=\"Link no Texto\" data-track-links=\"\" data-mrf-recirculation=\"Mat\u00e9ria - Links no Texto\">O uso sem necessidade pode trazer riscos s\u00e9rios, como problemas no f\u00edgado, aumento de gl\u00f3bulos vermelhos (com risco de trombose) e altera\u00e7\u00f5es no cora\u00e7\u00e3o.<\/p>\n<\/div>\n<\/div>\n<div id=\"chunk-bal1d\">\n<div class=\"mc-column content-text active-extra-styles \" data-block-type=\"unstyled\" data-block-weight=\"25\" data-block-id=\"20\">\n<p class=\" content-text__container \" data-track-category=\"Link no Texto\" data-track-links=\"\" data-mrf-recirculation=\"Mat\u00e9ria - Links no Texto\">\u201cOutro perigo \u00e9 a compra de testosterona no mercado paralelo. Muitos pacientes usam produtos sem proced\u00eancia, o que representa uma amea\u00e7a \u00e0 sa\u00fade p\u00fablica\u201d, destaca.<\/p>\n<\/div>\n<\/div>\n<div id=\"chunk-31qhd\">\n<div class=\"mc-column content-text active-extra-styles\" data-block-type=\"raw\" data-block-weight=\"6\" data-block-id=\"21\">\n<p class=\"content-text__container\" data-mrf-recirculation=\"Mat\u00e9ria - Links no Texto\">\n<div class=\"content-intertitle\">\n<h2>Uso indevido de tadalafila tamb\u00e9m preocupa<\/h2>\n<\/div>\n<p>&nbsp;<\/p>\n<\/div>\n<\/div>\n<div id=\"chunk-28on7\">\n<div class=\"mc-column content-text active-extra-styles \" data-block-type=\"unstyled\" data-block-weight=\"29\" data-block-id=\"22\">\n<p class=\" content-text__container \" data-track-category=\"Link no Texto\" data-track-links=\"\" data-mrf-recirculation=\"Mat\u00e9ria - Links no Texto\">O urologista explica que medicamentos como a tadalafila, indicados para disfun\u00e7\u00e3o er\u00e9til, t\u00eam boa efic\u00e1cia quando usados corretamente \u2014 mas podem causar efeitos adversos graves se tomados sem acompanhamento.<\/p>\n<\/div>\n<\/div>\n<div id=\"chunk-f7nnd\">\n<div class=\"content-ads\" data-block-type=\"ads\" data-block-id=\"23\"><\/div>\n<\/div>\n<div id=\"chunk-doudt\">\n<div class=\"mc-column content-text active-extra-styles \" data-block-type=\"unstyled\" data-block-weight=\"34\" data-block-id=\"24\">\n<p class=\" content-text__container \" data-track-category=\"Link no Texto\" data-track-links=\"\" data-mrf-recirculation=\"Mat\u00e9ria - Links no Texto\">\u201cO uso excessivo pode provocar queda de press\u00e3o, dor muscular e dor de cabe\u00e7a. A ere\u00e7\u00e3o depende de um equil\u00edbrio entre horm\u00f4nio, nervos e circula\u00e7\u00e3o. Por isso, o tratamento precisa ser individualizado\u201d, afirma Facio.<\/p>\n<\/div>\n<\/div>\n<div id=\"chunk-2onpj\">\n<div class=\"mc-column content-text active-extra-styles\" data-block-type=\"raw\" data-block-weight=\"6\" data-block-id=\"25\">\n<p class=\"content-text__container\" data-mrf-recirculation=\"Mat\u00e9ria - Links no Texto\">\n<div class=\"content-intertitle\">\n<h2>Reposi\u00e7\u00e3o hormonal pode afetar a fertilidade<\/h2>\n<\/div>\n<p>&nbsp;<\/p>\n<\/div>\n<\/div>\n<div id=\"chunk-dl5lg\">\n<div class=\"mc-column content-text active-extra-styles \" data-block-type=\"unstyled\" data-block-weight=\"31\" data-block-id=\"26\">\n<p class=\" content-text__container \" data-track-category=\"Link no Texto\" data-track-links=\"\" data-mrf-recirculation=\"Mat\u00e9ria - Links no Texto\">Homens que ainda desejam ter filhos devem redobrar a aten\u00e7\u00e3o. \u201cA testosterona pode reduzir a produ\u00e7\u00e3o de espermatozoides, por isso n\u00e3o \u00e9 indicada para quem quer ser pai\u201d, explica o especialista.<\/p>\n<\/div>\n<\/div>\n<div id=\"chunk-cgs6m\">\n<div class=\"mc-column content-text active-extra-styles \" data-block-type=\"unstyled\" data-block-weight=\"16\" data-block-id=\"27\">\n<p class=\" content-text__container \" data-track-category=\"Link no Texto\" data-track-links=\"\" data-mrf-recirculation=\"Mat\u00e9ria - Links no Texto\">Segundo ele, existem outras formas de tratamento para melhorar os n\u00edveis hormonais sem comprometer a fertilidade.<\/p>\n<\/div>\n<\/div>\n<div id=\"chunk-bbl87\">\n<div class=\"mc-column content-text active-extra-styles\" data-block-type=\"raw\" data-block-weight=\"9\" data-block-id=\"28\">\n<p class=\"content-text__container\" data-mrf-recirculation=\"Mat\u00e9ria - Links no Texto\">\n<div class=\"content-intertitle\">\n<h2>Testosterona n\u00e3o causa c\u00e2ncer de pr\u00f3stata, mas exige acompanhamento<\/h2>\n<\/div>\n<p>&nbsp;<\/p>\n<\/div>\n<\/div>\n<div id=\"chunk-e0tq\">\n<div class=\"mc-column content-text active-extra-styles \" data-block-type=\"unstyled\" data-block-weight=\"26\" data-block-id=\"29\">\n<p class=\" content-text__container \" data-track-category=\"Link no Texto\" data-track-links=\"\" data-mrf-recirculation=\"Mat\u00e9ria - Links no Texto\">Facio esclarece um mito comum: \u201cA testosterona n\u00e3o causa c\u00e2ncer de pr\u00f3stata, mas o urologista precisa descartar a presen\u00e7a da doen\u00e7a antes de iniciar a reposi\u00e7\u00e3o.\u201d<\/p>\n<\/div>\n<\/div>\n<div id=\"chunk-ci4qq\">\n<div class=\"mc-column content-text active-extra-styles \" data-block-type=\"unstyled\" data-block-weight=\"29\" data-block-id=\"30\">\n<p class=\" content-text__container \" data-track-category=\"Link no Texto\" data-track-links=\"\" data-mrf-recirculation=\"Mat\u00e9ria - Links no Texto\">Por isso, todo tratamento deve incluir exames regulares e acompanhamento pr\u00f3ximo. \u201cO m\u00e9dico avalia se o paciente tem sintomas compat\u00edveis e se o n\u00edvel hormonal realmente exige interven\u00e7\u00e3o\u201d, afirma.<\/p>\n<\/div>\n<\/div>\n<div id=\"chunk-6lvq9\">\n<div class=\"mc-column content-text active-extra-styles\" data-block-type=\"raw\" data-block-weight=\"6\" data-block-id=\"31\">\n<p class=\"content-text__container\" data-mrf-recirculation=\"Mat\u00e9ria - Links no Texto\">\n<div class=\"content-intertitle\">\n<h2>DAEM tamb\u00e9m pode causar sintomas emocionais<\/h2>\n<\/div>\n<p>&nbsp;<\/p>\n<\/div>\n<\/div>\n<div id=\"chunk-6pkcf\">\n<div class=\"mc-column content-text active-extra-styles \" data-block-type=\"unstyled\" data-block-weight=\"29\" data-block-id=\"32\">\n<p class=\" content-text__container \" data-track-category=\"Link no Texto\" data-track-links=\"\" data-mrf-recirculation=\"Mat\u00e9ria - Links no Texto\">Os efeitos do DAEM v\u00e3o al\u00e9m do f\u00edsico. O urologista explica que a queda de testosterona pode gerar sintomas parecidos com depress\u00e3o, como des\u00e2nimo, irritabilidade e falta de motiva\u00e7\u00e3o.<\/p>\n<\/div>\n<\/div>\n<div id=\"chunk-b5di1\">\n<div class=\"mc-column content-text active-extra-styles \" data-block-type=\"unstyled\" data-block-weight=\"28\" data-block-id=\"33\">\n<p class=\" content-text__container \" data-track-category=\"Link no Texto\" data-track-links=\"\" data-mrf-recirculation=\"Mat\u00e9ria - Links no Texto\">\u201cO m\u00e9dico precisa diferenciar o que \u00e9 quadro emocional e o que \u00e9 hormonal. A avalia\u00e7\u00e3o cl\u00ednica \u00e9 essencial para evitar diagn\u00f3sticos errados e tratamentos desnecess\u00e1rios\u201d, diz Facio.<\/p>\n<\/div>\n<\/div>\n<div id=\"chunk-6io64\">\n<div class=\"content-ads content-ads--reveal\" data-block-type=\"ads\" data-block-id=\"34\">\n<div id=\"banner_materia__1f2e77e9-f2f4-413f-b9c2-58f930d6fadd\">\n<div id=\"google_ads_iframe_\/95377733\/tvg_G1\/Bem_Estar_5__container__\"><\/div>\n<\/div>\n<\/div>\n<\/div>\n<div id=\"chunk-8aa4q\">\n<div class=\"mc-column content-text active-extra-styles\" data-block-type=\"raw\" data-block-weight=\"7\" data-block-id=\"35\">\n<p class=\"content-text__container\" data-mrf-recirculation=\"Mat\u00e9ria - Links no Texto\">\n<div class=\"content-intertitle\">\n<h2>Homens est\u00e3o falando mais sobre sa\u00fade sexual<\/h2>\n<\/div>\n<p>&nbsp;<\/p>\n<\/div>\n<\/div>\n<div id=\"chunk-45a50\">\n<div class=\"mc-column content-text active-extra-styles \" data-block-type=\"unstyled\" data-block-weight=\"30\" data-block-id=\"36\">\n<p class=\" content-text__container \" data-track-category=\"Link no Texto\" data-track-links=\"\" data-mrf-recirculation=\"Mat\u00e9ria - Links no Texto\">O comportamento masculino tem mudado, segundo o especialista. Hoje, muitos homens v\u00e3o ao urologista acompanhados das esposas ou filhas e essa participa\u00e7\u00e3o ajuda na conversa e no diagn\u00f3stico, segundo ele.<\/p>\n<\/div>\n<\/div>\n<div id=\"chunk-46dtl\">\n<div class=\"mc-column content-text active-extra-styles \" data-block-type=\"unstyled\" data-block-weight=\"35\" data-block-id=\"37\">\n<p class=\" content-text__container \" data-track-category=\"Link no Texto\" data-track-links=\"\" data-mrf-recirculation=\"Mat\u00e9ria - Links no Texto\">Facio destaca que o mesmo ocorre entre casais LGBTQIA+, que tamb\u00e9m procuram orienta\u00e7\u00e3o sobre sa\u00fade sexual e reprodutiva: \u201cA medicina sexual \u00e9 inclusiva. O importante \u00e9 buscar qualidade de vida, independentemente da identidade de g\u00eanero\u201d.<\/p>\n<\/div>\n<\/div>\n<div id=\"chunk-6hnt0\">\n<div class=\"mc-column content-text active-extra-styles\" data-block-type=\"raw\" data-block-weight=\"9\" data-block-id=\"38\">\n<p class=\"content-text__container\" data-mrf-recirculation=\"Mat\u00e9ria - Links no Texto\">\n<div class=\"content-intertitle\">\n<h2>A partir dos 45 anos, visitas regulares ao urologista<\/h2>\n<\/div>\n<p>&nbsp;<\/p>\n<\/div>\n<\/div>\n<div id=\"chunk-35qv0\">\n<div class=\"mc-column content-text active-extra-styles \" data-block-type=\"unstyled\" data-block-weight=\"38\" data-block-id=\"39\">\n<p class=\" content-text__container \" data-track-category=\"Link no Texto\" data-track-links=\"\" data-mrf-recirculation=\"Mat\u00e9ria - Links no Texto\">O m\u00e9dico recomenda que os homens comecem o acompanhamento a partir dos 45 anos. \u201cEssa \u00e9 uma idade de virada hormonal. Mesmo sem sintomas, \u00e9 o momento ideal para prevenir doen\u00e7as e ajustar o estilo de vida\u201d, orienta.<\/p>\n<\/div>\n<\/div>\n<div id=\"chunk-9fidp\">\n<div class=\"mc-column content-text active-extra-styles \" data-block-type=\"unstyled\" data-block-weight=\"32\" data-block-id=\"40\">\n<p class=\" content-text__container \" data-track-category=\"Link no Texto\" data-track-links=\"\" data-mrf-recirculation=\"Mat\u00e9ria - Links no Texto\">Entre os exames recomendados est\u00e3o testosterona, PSA, fun\u00e7\u00e3o hep\u00e1tica e renal. \u201cO urologista n\u00e3o cuida s\u00f3 da pr\u00f3stata. Ele avalia o homem como um todo \u2014 f\u00edsico, emocional e sexualmente\u201d, diz Facio.<\/p>\n<\/div>\n<\/div>\n<div id=\"chunk-2cvkf\">\n<div class=\"mc-column content-text active-extra-styles\" data-block-type=\"raw\" data-block-weight=\"6\" data-block-id=\"41\">\n<p class=\"content-text__container\" data-mrf-recirculation=\"Mat\u00e9ria - Links no Texto\">\n<div class=\"content-intertitle\">\n<h2>SUS oferece atendimento e tratamento hormonal<\/h2>\n<\/div>\n<p>&nbsp;<\/p>\n<\/div>\n<\/div>\n<div id=\"chunk-b035s\">\n<div class=\"mc-column content-text active-extra-styles \" data-block-type=\"unstyled\" data-block-weight=\"35\" data-block-id=\"42\">\n<p class=\" content-text__container \" data-track-category=\"Link no Texto\" data-track-links=\"\" data-mrf-recirculation=\"Mat\u00e9ria - Links no Texto\">O Dist\u00farbio Androg\u00eanico do Envelhecimento Masculino pode ser acompanhado e tratado pelo SUS. \u201cH\u00e1 servi\u00e7os p\u00fablicos com atendimento especializado em urologia e andrologia. Em alguns casos, at\u00e9 as medica\u00e7\u00f5es s\u00e3o oferecidas gratuitamente\u201d, explica o m\u00e9dico.<\/p>\n<\/div>\n<\/div>\n<div id=\"chunk-6nmpt\">\n<div class=\"mc-column content-text active-extra-styles \" data-block-type=\"unstyled\" data-block-weight=\"27\" data-block-id=\"43\">\n<p class=\" content-text__container \" data-track-category=\"Link no Texto\" data-track-links=\"\" data-mrf-recirculation=\"Mat\u00e9ria - Links no Texto\">\u201cCuidar da sa\u00fade masculina \u00e9 uma forma de viver mais e melhor. Preven\u00e7\u00e3o e acompanhamento m\u00e9dico s\u00e3o essenciais para um envelhecimento saud\u00e1vel\u201d, conclui Facio.<\/p>\n<\/div>\n<\/div>\n<div id=\"chunk-8dj7o\">\n<div class=\"content-ads content-ads--reveal\" data-block-type=\"ads\" data-block-id=\"44\">\n<div id=\"banner_materia__63741e46-df76-49dc-b538-e478807c4d34\">\n<div id=\"google_ads_iframe_\/95377733\/tvg_G1\/Bem_Estar_6__container__\"><\/div>\n<\/div>\n<\/div>\n<\/div>\n<div id=\"chunk-3574n\">\n<div class=\"row medium-uncollapsed content-media content-photo\" data-block-type=\"backstage-photo\" data-block-id=\"45\">\n<div class=\" mc-column  content-media__container\">\n<div class=\"content-media-container glb-skeleton-box\">\n<figure class=\"content-media-figure\"><img decoding=\"async\" class=\"i-amphtml-fill-content i-amphtml-replaced-content\" src=\"https:\/\/s2-g1.glbimg.com\/lBTHuqm8l99VgOvEz3zu4Ighzjw=\/0x0:1424x801\/984x0\/smart\/filters:strip_icc()\/i.s3.glbimg.com\/v1\/AUTH_59edd422c0c84a879bd37670ae4f538a\/internal_photos\/bs\/2024\/1\/x\/wJsKAlTgqj53gnrITItQ\/captura-de-tela-2024-06-26-084704.png\" sizes=\"(max-width: 1366px) 648px, 100vw\" srcset=\"https:\/\/s2-g1.glbimg.com\/qKVT3QPe5BkLagk_HrouircGwk0=\/0x0:1424x801\/1000x0\/smart\/filters:strip_icc()\/i.s3.glbimg.com\/v1\/AUTH_59edd422c0c84a879bd37670ae4f538a\/internal_photos\/bs\/2024\/1\/x\/wJsKAlTgqj53gnrITItQ\/captura-de-tela-2024-06-26-084704.png 1000w, https:\/\/s2-g1.glbimg.com\/lBTHuqm8l99VgOvEz3zu4Ighzjw=\/0x0:1424x801\/984x0\/smart\/filters:strip_icc()\/i.s3.glbimg.com\/v1\/AUTH_59edd422c0c84a879bd37670ae4f538a\/internal_photos\/bs\/2024\/1\/x\/wJsKAlTgqj53gnrITItQ\/captura-de-tela-2024-06-26-084704.png 984w, https:\/\/s2-g1.glbimg.com\/MOnDS-H18Qcd7351WoB5It2QLfY=\/0x0:1424x801\/640x0\/smart\/filters:strip_icc()\/i.s3.glbimg.com\/v1\/AUTH_59edd422c0c84a879bd37670ae4f538a\/internal_photos\/bs\/2024\/1\/x\/wJsKAlTgqj53gnrITItQ\/captura-de-tela-2024-06-26-084704.png 640w, https:\/\/s2-g1.glbimg.com\/5zh3g8NgqknnuXSZ197cOV_IoDY=\/0x0:1424x801\/600x0\/smart\/filters:strip_icc()\/i.s3.glbimg.com\/v1\/AUTH_59edd422c0c84a879bd37670ae4f538a\/internal_photos\/bs\/2024\/1\/x\/wJsKAlTgqj53gnrITItQ\/captura-de-tela-2024-06-26-084704.png 600w\" alt=\"Logo do podcast Bem-Estar \u2014 Foto: Arte\/Bem Estar\" \/><\/figure>\n<\/div>\n<p class=\"content-media__description  \">Logo do podcast Bem-Estar \u2014 Foto: Arte\/Bem Estar<\/p>\n<\/div>\n<\/div>\n<\/div>\n<div id=\"chunk-5sdhh\">\n<div class=\"cxm-video-block mc-column  content-media content-video\" data-block-type=\"backstage-video\" data-block-id=\"46\">\n<div class=\"content-media__container content-media__container--codex-fallback\">\n<div class=\"content-video__bigger-player-description-fixer\">\n<article class=\"content-video\">\n<section class=\"content-video__video-container\">\n<div class=\"content-video__video\">\n<div class=\"content-video__placeholder\" data-video-id=\"13869643\"><img decoding=\"async\" class=\"content-video__placeholder__thumb\" title=\"Saiba mais sobre reposi\u00e7\u00e3o de testosterona\" src=\"https:\/\/s04.video.glbimg.com\/x240\/13869643.jpg\" alt=\"Saiba mais sobre reposi\u00e7\u00e3o de testosterona\" \/><\/div>\n<\/div>\n<\/section>\n<\/article>\n<\/div>\n<div class=\"bs-block-video__container\">\n<p class=\"codex-caption codex-caption--small\">Saiba mais sobre reposi\u00e7\u00e3o de testosterona<\/p>\n<\/div>\n<\/div>\n<\/div>\n<\/div>\n<div data-track-category=\"multicontent\" data-track-action=\"multicontent\" data-track-noninteraction=\"false\" data-track-scroll=\"ultimo chunk conteudo\" data-track-value=\"view\">\n<div id=\"chunk-681cj\">\n<div class=\"content-ads content-ads--reveal\" data-block-type=\"ads\" data-block-id=\"47\">\n<div id=\"banner_materia__b9ac12bb-e0cf-4103-9fb8-53b013cc5d8b\" class=\"tag-manager-publicidade-container tag-manager-publicidade-banner_materia__b9ac12bb-e0cf-4103-9fb8-53b013cc5d8b tag-manager-publicidade-container--carregado tag-manager-publicidade-container--visivel\" data-google-query-id=\"CMHuvbjEqZADFZ2DYQYdvmQ4fQ\">\nFonte: G1<\/div>\n<\/div>\n<\/div>\n<\/div>\n<\/div>\n<\/article>\n<\/div>\n","protected":false},"excerpt":{"rendered":"<p>Bem-Estar #321: sa\u00fade masculina: reposi\u00e7\u00e3o de testosterona e os riscos no tratamento Jorge F\u00e9lix conversa com Fernando Facio, chefe do<\/p>\n","protected":false},"author":1,"featured_media":10285,"comment_status":"open","ping_status":"open","sticky":false,"template":"","format":"standard","meta":{"colormag_page_container_layout":"default_layout","colormag_page_sidebar_layout":"default_layout","footnotes":""},"categories":[9],"tags":[],"class_list":["post-10272","post","type-post","status-publish","format-standard","has-post-thumbnail","hentry","category-saude"],"_links":{"self":[{"href":"http:\/\/metropoleemfoco.com.br\/index.php?rest_route=\/wp\/v2\/posts\/10272","targetHints":{"allow":["GET"]}}],"collection":[{"href":"http:\/\/metropoleemfoco.com.br\/index.php?rest_route=\/wp\/v2\/posts"}],"about":[{"href":"http:\/\/metropoleemfoco.com.br\/index.php?rest_route=\/wp\/v2\/types\/post"}],"author":[{"embeddable":true,"href":"http:\/\/metropoleemfoco.com.br\/index.php?rest_route=\/wp\/v2\/users\/1"}],"replies":[{"embeddable":true,"href":"http:\/\/metropoleemfoco.com.br\/index.php?rest_route=%2Fwp%2Fv2%2Fcomments&post=10272"}],"version-history":[{"count":1,"href":"http:\/\/metropoleemfoco.com.br\/index.php?rest_route=\/wp\/v2\/posts\/10272\/revisions"}],"predecessor-version":[{"id":10286,"href":"http:\/\/metropoleemfoco.com.br\/index.php?rest_route=\/wp\/v2\/posts\/10272\/revisions\/10286"}],"wp:featuredmedia":[{"embeddable":true,"href":"http:\/\/metropoleemfoco.com.br\/index.php?rest_route=\/wp\/v2\/media\/10285"}],"wp:attachment":[{"href":"http:\/\/metropoleemfoco.com.br\/index.php?rest_route=%2Fwp%2Fv2%2Fmedia&parent=10272"}],"wp:term":[{"taxonomy":"category","embeddable":true,"href":"http:\/\/metropoleemfoco.com.br\/index.php?rest_route=%2Fwp%2Fv2%2Fcategories&post=10272"},{"taxonomy":"post_tag","embeddable":true,"href":"http:\/\/metropoleemfoco.com.br\/index.php?rest_route=%2Fwp%2Fv2%2Ftags&post=10272"}],"curies":[{"name":"wp","href":"https:\/\/api.w.org\/{rel}","templated":true}]}}