{"id":10270,"date":"2025-10-16T17:13:41","date_gmt":"2025-10-16T20:13:41","guid":{"rendered":"http:\/\/metropoleemfoco.com.br\/?p=10270"},"modified":"2025-10-16T17:13:41","modified_gmt":"2025-10-16T20:13:41","slug":"numero-de-falhas-na-rede-de-agua-e-esgoto-em-sp-e-o-maior-desde-2020","status":"publish","type":"post","link":"http:\/\/metropoleemfoco.com.br\/?p=10270","title":{"rendered":"N\u00famero de falhas na rede de \u00e1gua e esgoto em SP \u00e9 o maior desde 2020"},"content":{"rendered":"<div class=\"mc-article-header\">\n<div class=\"row content-head mc-column non-featured \">\n<div class=\"title\" data-block-type=\"title\" data-block-id=\"0\">\n<h1 class=\"content-head__title\">N\u00famero de falhas na rede de \u00e1gua e esgoto em SP \u00e9 o maior desde 2020<\/h1>\n<\/div>\n<div class=\"medium-centered subtitle\">\n<h2 class=\"content-head__subtitle\">Entre as ocorr\u00eancias est\u00e3o vazamentos de \u00e1gua e problemas em bombas que podem deixar im\u00f3veis sem abastecimento, al\u00e9m de apag\u00f5es em esta\u00e7\u00f5es de tratamento. Os dados in\u00e9ditos foram obtidos pela TV Globo via Lei de Acesso \u00e0 Informa\u00e7\u00e3o.<\/h2>\n<\/div>\n<\/div>\n<div><\/div>\n<div class=\"content__signa-share mc-column\">\n<div class=\"content__signature\">\n<div class=\"content-publication-data\">\n<div class=\"content-publication-data__text\">\n<p class=\"content-publication-data__from\" title=\"Reda\u00e7\u00e3o TV Globo e g1 SP\">Por\u00a0<a class=\"multi_signatures\" href=\"https:\/\/g1.globo.com\/autores\/redacao-tv-globo-e-g1-sp\/\">Reda\u00e7\u00e3o TV Globo e g1 SP<\/a><\/p>\n<\/div>\n<\/div>\n<\/div>\n<\/div>\n<div class=\"glb-share-bar content__share-bar\">\n<div class=\"glb-share-bar_icons\">\n<div class=\"glb-share-bar_button-img\"><\/div>\n<\/div>\n<\/div>\n<\/div>\n<div class=\"mc-article-body\">\n<article>\n<div id=\"chunk-2sqs7\">\n<div class=\"cxm-video-block mc-column  content-media content-video\" data-block-type=\"backstage-video\" data-block-id=\"2\">\n<div class=\"content-media__container content-media__container--codex-fallback\">\n<div class=\"content-video__bigger-player-description-fixer\">\n<article class=\"content-video\">\n<section class=\"content-video__video-container\">\n<div class=\"content-video__video\">\n<div class=\"content-video__placeholder\" data-video-id=\"14014358\"><img decoding=\"async\" class=\"content-video__placeholder__thumb\" title=\"N\u00famero de falhas na rede de \u00e1gua e esgoto em SP \u00e9 o maior desde 2020\" src=\"https:\/\/s03.video.glbimg.com\/x240\/14014358.jpg\" alt=\"N\u00famero de falhas na rede de \u00e1gua e esgoto em SP \u00e9 o maior desde 2020\" \/><\/p>\n<div>\n<div id=\"wp3-player-1\" class=\"clappr-player\" tabindex=\"9999\" data-player=\"\">\n<div class=\"dfp-ad-overlay dfp-ad-overlay--poster-mode\"><\/div>\n<div class=\"media-control media-control-hide h720 w960\">\n<div class=\"media-control-panel\">\n<div class=\"media-control-panel__modal\"><\/div>\n<\/div>\n<\/div>\n<\/div>\n<\/div>\n<\/div>\n<\/div>\n<\/section>\n<\/article>\n<\/div>\n<div class=\"bs-block-video__container\">\n<p class=\"codex-caption codex-caption--small\">N\u00famero de falhas na rede de \u00e1gua e esgoto em SP \u00e9 o maior desde 2020<\/p>\n<\/div>\n<\/div>\n<\/div>\n<\/div>\n<div id=\"chunk-b62h9\">\n<div class=\"mc-column mc-side-item__container\" data-block-type=\"ads\" data-block-id=\"4\">\n<div class=\"mc-side-item mc-side-item--right content-ads content-ads--side-ad\">\n<div id=\"banner_materia1\">\n<div id=\"google_ads_iframe_\/95377733\/tvg_G1\/Sua_Regiao&gt;Sudeste&gt;Sao_Paulo_1__container__\" style=\"box-sizing: inherit; margin: auto; padding: 0px; border: 0pt none; font: inherit; vertical-align: baseline; text-align: center;\"><\/div>\n<\/div>\n<\/div>\n<\/div>\n<\/div>\n<div id=\"chunk-2e0gm\">\n<div class=\"mc-column content-text active-extra-styles \" data-block-type=\"unstyled\" data-block-weight=\"50\" data-block-id=\"3\">\n<p class=\" content-text__container \" data-track-category=\"Link no Texto\" data-track-links=\"\" data-mrf-recirculation=\"Mat\u00e9ria - Links no Texto\">O n\u00famero de falhas na rede de \u00e1gua e esgoto na cidade de\u00a0<a class=\"\" href=\"https:\/\/g1.globo.com\/sp\/sao-paulo\/cidade\/sao-paulo\/\" data-mrf-link=\"https:\/\/g1.globo.com\/sp\/sao-paulo\/cidade\/sao-paulo\/\">S\u00e3o Paulo<\/a>\u00a0\u00e9 o maior desde 2020, segundo um levantamento in\u00e9dito da TV Globo. Os dados foram obtidos com a Arsesp (Ag\u00eancia Reguladora de Servi\u00e7os P\u00fablicos do Estado de S\u00e3o Paulo) via Lei de Acesso \u00e0 Informa\u00e7\u00e3o.<\/p>\n<\/div>\n<\/div>\n<div class=\"wall protected-content\">\n<div id=\"chunk-858lv\">\n<div class=\"mc-column content-text active-extra-styles \" data-block-type=\"unstyled\" data-block-weight=\"51\" data-block-id=\"5\">\n<p class=\" content-text__container \" data-track-category=\"Link no Texto\" data-track-links=\"\" data-mrf-recirculation=\"Mat\u00e9ria - Links no Texto\">Em 2020, foram registradas<strong>\u00a082 falhas\u00a0<\/strong>que afetaram a distribui\u00e7\u00e3o de \u00e1gua e a rede de esgoto na capital. Nos anos seguintes, os n\u00fameros variaram\u00a0<strong>entre 20 e 40 ocorr\u00eancias<\/strong>. Em todo o ano passado, o total despencou para apenas 7 registros, mas\u00a0<strong>at\u00e9 julho deste ano j\u00e1 saltou para 52<\/strong>.<\/p>\n<\/div>\n<\/div>\n<div id=\"chunk-86co7\">\n<div class=\"content-ads content-ads--reveal\" data-block-type=\"ads\" data-block-id=\"6\">\n<div id=\"banner_materia2\">\n<div id=\"google_ads_iframe_\/95377733\/tvg_G1\/Sua_Regiao&gt;Sudeste&gt;Sao_Paulo_2__container__\" style=\"box-sizing: inherit; margin: auto; padding: 0px; border: 0pt none; font: inherit; vertical-align: baseline; text-align: center;\"><\/div>\n<\/div>\n<\/div>\n<\/div>\n<div id=\"chunk-es684\">\n<div class=\"mc-column content-text active-extra-styles \" data-block-type=\"unstyled\" data-block-weight=\"6\" data-block-id=\"7\">\n<p class=\" content-text__container \" data-track-category=\"Link no Texto\" data-track-links=\"\" data-mrf-recirculation=\"Mat\u00e9ria - Links no Texto\"><strong>Confira os dados por ano:<\/strong><\/p>\n<\/div>\n<\/div>\n<div id=\"chunk-82ebg\">\n<div class=\"mc-column content-text active-extra-styles\" data-block-type=\"raw\" data-block-weight=\"20\" data-block-id=\"8\">\n<p class=\"content-text__container\" data-mrf-recirculation=\"Mat\u00e9ria - Links no Texto\">\n<ul class=\"content-unordered-list\">\n<li><strong>2020:\u00a0<\/strong>82 falhas<\/li>\n<li><strong>2021:<\/strong>\u00a043 falhas<\/li>\n<li><strong>2022:<\/strong>\u00a033 falhas<\/li>\n<li><strong>2023:<\/strong>\u00a020 falhas<\/li>\n<li><strong>2024:\u00a0<\/strong>7 falhas<\/li>\n<li><strong>Julho de 2025:<\/strong>\u00a052 falhas<\/li>\n<\/ul>\n<p>&nbsp;<\/p>\n<\/div>\n<\/div>\n<div id=\"chunk-ce60q\">\n<div class=\"mc-column content-text active-extra-styles \" data-block-type=\"unstyled\" data-block-weight=\"27\" data-block-id=\"9\">\n<p class=\" content-text__container \" data-track-category=\"Link no Texto\" data-track-links=\"\" data-mrf-recirculation=\"Mat\u00e9ria - Links no Texto\">Entre as falhas est\u00e3o vazamentos de \u00e1gua e problemas em bombas que podem deixar im\u00f3veis sem abastecimento, apag\u00f5es em esta\u00e7\u00f5es de tratamento de \u00e1gua e de esgoto.<\/p>\n<\/div>\n<\/div>\n<div id=\"chunk-et7m8\">\n<div class=\"mc-column content-text active-extra-styles\" data-block-type=\"raw\" data-block-weight=\"24\" data-block-id=\"10\">\n<p class=\"content-text__container\" data-mrf-recirculation=\"Mat\u00e9ria - Links no Texto\">\n<blockquote class=\"content-blockquote theme-border-color-primary-before\"><p>O levantamento mostra ainda que a regi\u00e3o mais afetada da cidade \u00e9 a Zona Norte, seguida pela Zona Sul e, depois, pela Zona Leste.<\/p><\/blockquote>\n<p>&nbsp;<\/p>\n<\/div>\n<\/div>\n<div id=\"chunk-33s04\">\n<div class=\"mc-column content-text active-extra-styles \" data-block-type=\"unstyled\" data-block-weight=\"24\" data-block-id=\"11\">\n<p class=\" content-text__container \" data-track-category=\"Link no Texto\" data-track-links=\"\" data-mrf-recirculation=\"Mat\u00e9ria - Links no Texto\">Procurada, a Sabesp disse que quase 30% das ocorr\u00eancias informadas s\u00e3o geradas por fatores externos, como falta de energia e furtos ou vandalismo.<\/p>\n<\/div>\n<\/div>\n<div id=\"chunk-b2nf5\">\n<div class=\"mc-column content-text active-extra-styles \" data-block-type=\"unstyled\" data-block-weight=\"26\" data-block-id=\"12\">\n<p class=\" content-text__container \" data-track-category=\"Link no Texto\" data-track-links=\"\" data-mrf-recirculation=\"Mat\u00e9ria - Links no Texto\">Tamb\u00e9m refor\u00e7ou que sabe da necessidade de renovar a infraestrutura e que est\u00e1 investindo na troca de tubula\u00e7\u00f5es, equipamentos e no aumento de monitoramento do sistema.<\/p>\n<\/div>\n<\/div>\n<div id=\"chunk-39u92\">\n<div class=\"mc-column content-text active-extra-styles\" data-block-type=\"raw\" data-block-weight=\"3\" data-block-id=\"13\">\n<p class=\"content-text__container\" data-mrf-recirculation=\"Mat\u00e9ria - Links no Texto\">\n<div class=\"content-intertitle\">\n<h2>Tipo de falha<\/h2>\n<\/div>\n<p>&nbsp;<\/p>\n<\/div>\n<\/div>\n<div id=\"chunk-dpltd\">\n<div class=\"mc-column content-text active-extra-styles \" data-block-type=\"unstyled\" data-block-weight=\"31\" data-block-id=\"14\">\n<p class=\" content-text__container \" data-track-category=\"Link no Texto\" data-track-links=\"\" data-mrf-recirculation=\"Mat\u00e9ria - Links no Texto\">O engenheiro e professor de infraestrutura urbana do Mackenzie, Antonio Eduardo Giansante, explica que \u00e9 importante diferenciar quais falhas operacionais s\u00e3o de responsabilidade da Sabesp e quais envolvem outros setores p\u00fablicos.<\/p>\n<\/div>\n<\/div>\n<div id=\"chunk-201hi\">\n<div class=\"mc-column content-text active-extra-styles\" data-block-type=\"quote-plugin\" data-block-id=\"15\">\n<div class=\"show-block-quote\">\n<div class=\"show-block-quote__image\"><\/div>\n<div class=\"show-block-quote__caption\">Tem eventos de falhas que n\u00e3o est\u00e3o no controle da Sabesp que \u00e9, por exemplo, a falta de energia el\u00e9trica, o vandalismo que \u00e9 o roubo de equipamentos de fios, mas tem outros que s\u00e3o de responsabilidade que est\u00e3o no controle da Sabesp.<\/div>\n<div class=\"show-block-quote__after-caption\"><\/div>\n<div class=\"show-block-quote__author\">\u2014 Antonio Eduardo Giansante, engenheiro<\/div>\n<\/div>\n<\/div>\n<\/div>\n<div id=\"chunk-d7f90\">\n<div class=\"content-ads content-ads--reveal\" data-block-type=\"ads\" data-block-id=\"16\">\n<div id=\"banner_materia__d24d0119-9f64-4b89-8e7a-85de4ac93814\">\n<div id=\"google_ads_iframe_\/95377733\/tvg_G1\/Sua_Regiao&gt;Sudeste&gt;Sao_Paulo_3__container__\" style=\"box-sizing: inherit; margin: auto; padding: 0px; border: 0pt none; font: inherit; vertical-align: baseline; text-align: center;\"><\/div>\n<\/div>\n<\/div>\n<\/div>\n<div id=\"chunk-aftq6\">\n<div class=\"mc-column content-text active-extra-styles \" data-block-type=\"unstyled\" data-block-weight=\"57\" data-block-id=\"17\">\n<p class=\" content-text__container \" data-track-category=\"Link no Texto\" data-track-links=\"\" data-mrf-recirculation=\"Mat\u00e9ria - Links no Texto\">&#8220;Ent\u00e3o isso mostra que \u00e9 uma necessidade de se aumentar o grau de planejamento da manuten\u00e7\u00e3o. Ela n\u00e3o pode ser somente corretiva para evitar falhas, precisa ser tamb\u00e9m preventiva e at\u00e9 preditiva. Ou seja, acompanhar o funcionamento do equipamento, suas vari\u00e1veis de controle para saber se est\u00e1 na hora de se trocar ou n\u00e3o&#8221;, afirma o professor.<\/p>\n<\/div>\n<\/div>\n<div data-track-category=\"multicontent\" data-track-action=\"multicontent\" data-track-noninteraction=\"false\" data-track-scroll=\"ultimo chunk conteudo\" data-track-value=\"view\">\n<div id=\"chunk-4bmm\">\n<div class=\"row medium-uncollapsed content-media content-photo\" data-block-type=\"backstage-photo\" data-block-id=\"18\">\n<div class=\" mc-column  content-media__container\">\n<div class=\"content-media-container glb-skeleton-box\">\n<figure class=\"content-media-figure\"><img decoding=\"async\" class=\"i-amphtml-fill-content i-amphtml-replaced-content\" src=\"https:\/\/s2-g1.glbimg.com\/Mh74HE22CoStADxy_UaY07gRYMI=\/0x0:1920x881\/984x0\/smart\/filters:strip_icc()\/i.s3.glbimg.com\/v1\/AUTH_59edd422c0c84a879bd37670ae4f538a\/internal_photos\/bs\/2025\/D\/a\/adk9hHSMW7R8g2tscvEQ\/videoframe-6974507.png\" sizes=\"(max-width: 1366px) 648px, 100vw\" srcset=\"https:\/\/s2-g1.glbimg.com\/bRlp87bhfzsrac7f2EUfOYeNPCY=\/0x0:1920x881\/1000x0\/smart\/filters:strip_icc()\/i.s3.glbimg.com\/v1\/AUTH_59edd422c0c84a879bd37670ae4f538a\/internal_photos\/bs\/2025\/D\/a\/adk9hHSMW7R8g2tscvEQ\/videoframe-6974507.png 1000w, https:\/\/s2-g1.glbimg.com\/Mh74HE22CoStADxy_UaY07gRYMI=\/0x0:1920x881\/984x0\/smart\/filters:strip_icc()\/i.s3.glbimg.com\/v1\/AUTH_59edd422c0c84a879bd37670ae4f538a\/internal_photos\/bs\/2025\/D\/a\/adk9hHSMW7R8g2tscvEQ\/videoframe-6974507.png 984w, https:\/\/s2-g1.glbimg.com\/ePZkhR8Fi84IArDrhr3shNeLIUY=\/0x0:1920x881\/640x0\/smart\/filters:strip_icc()\/i.s3.glbimg.com\/v1\/AUTH_59edd422c0c84a879bd37670ae4f538a\/internal_photos\/bs\/2025\/D\/a\/adk9hHSMW7R8g2tscvEQ\/videoframe-6974507.png 640w, https:\/\/s2-g1.glbimg.com\/hKgZxDUOdBaZUZY8uLu27Vyxoxg=\/0x0:1920x881\/600x0\/smart\/filters:strip_icc()\/i.s3.glbimg.com\/v1\/AUTH_59edd422c0c84a879bd37670ae4f538a\/internal_photos\/bs\/2025\/D\/a\/adk9hHSMW7R8g2tscvEQ\/videoframe-6974507.png 600w\" alt=\"Cidade de S\u00e3o Paulo j\u00e1 registrou 52 falhas na rede de \u00e1gua e esgoto at\u00e9 julho deste ano. \u2014 Foto: Reprodu\u00e7\u00e3o\/TV Globo\" \/><\/figure>\n<\/div>\n<p class=\"content-media__description  \">Cidade de S\u00e3o Paulo j\u00e1 registrou 52 falhas na rede de \u00e1gua e esgoto at\u00e9 julho deste ano. \u2014 Foto: Reprodu\u00e7\u00e3o\/TV Globo<\/p>\n<p>Fonte: g1<\/p>\n<\/div>\n<\/div>\n<\/div>\n<\/div>\n<\/div>\n<\/article>\n<\/div>\n","protected":false},"excerpt":{"rendered":"<p>N\u00famero de falhas na rede de \u00e1gua e esgoto em SP \u00e9 o maior desde 2020 Entre as ocorr\u00eancias est\u00e3o<\/p>\n","protected":false},"author":1,"featured_media":10281,"comment_status":"open","ping_status":"open","sticky":false,"template":"","format":"standard","meta":{"colormag_page_container_layout":"default_layout","colormag_page_sidebar_layout":"default_layout","footnotes":""},"categories":[1],"tags":[],"class_list":["post-10270","post","type-post","status-publish","format-standard","has-post-thumbnail","hentry","category-geral"],"_links":{"self":[{"href":"http:\/\/metropoleemfoco.com.br\/index.php?rest_route=\/wp\/v2\/posts\/10270","targetHints":{"allow":["GET"]}}],"collection":[{"href":"http:\/\/metropoleemfoco.com.br\/index.php?rest_route=\/wp\/v2\/posts"}],"about":[{"href":"http:\/\/metropoleemfoco.com.br\/index.php?rest_route=\/wp\/v2\/types\/post"}],"author":[{"embeddable":true,"href":"http:\/\/metropoleemfoco.com.br\/index.php?rest_route=\/wp\/v2\/users\/1"}],"replies":[{"embeddable":true,"href":"http:\/\/metropoleemfoco.com.br\/index.php?rest_route=%2Fwp%2Fv2%2Fcomments&post=10270"}],"version-history":[{"count":1,"href":"http:\/\/metropoleemfoco.com.br\/index.php?rest_route=\/wp\/v2\/posts\/10270\/revisions"}],"predecessor-version":[{"id":10282,"href":"http:\/\/metropoleemfoco.com.br\/index.php?rest_route=\/wp\/v2\/posts\/10270\/revisions\/10282"}],"wp:featuredmedia":[{"embeddable":true,"href":"http:\/\/metropoleemfoco.com.br\/index.php?rest_route=\/wp\/v2\/media\/10281"}],"wp:attachment":[{"href":"http:\/\/metropoleemfoco.com.br\/index.php?rest_route=%2Fwp%2Fv2%2Fmedia&parent=10270"}],"wp:term":[{"taxonomy":"category","embeddable":true,"href":"http:\/\/metropoleemfoco.com.br\/index.php?rest_route=%2Fwp%2Fv2%2Fcategories&post=10270"},{"taxonomy":"post_tag","embeddable":true,"href":"http:\/\/metropoleemfoco.com.br\/index.php?rest_route=%2Fwp%2Fv2%2Ftags&post=10270"}],"curies":[{"name":"wp","href":"https:\/\/api.w.org\/{rel}","templated":true}]}}