{"id":10269,"date":"2025-10-16T17:12:48","date_gmt":"2025-10-16T20:12:48","guid":{"rendered":"http:\/\/metropoleemfoco.com.br\/?p=10269"},"modified":"2025-10-16T17:12:48","modified_gmt":"2025-10-16T20:12:48","slug":"assaltos-praticados-por-motociclistas-assustam-moradores-de-perdizes","status":"publish","type":"post","link":"http:\/\/metropoleemfoco.com.br\/?p=10269","title":{"rendered":"Assaltos praticados por motociclistas assustam moradores de Perdizes"},"content":{"rendered":"<div class=\"mc-article-header\">\n<div class=\"row content-head mc-column non-featured \">\n<div class=\"title\" data-block-type=\"title\" data-block-id=\"0\">\n<h1 class=\"content-head__title\">Assaltos praticados por motociclistas assustam moradores de Perdizes, em SP; fam\u00edlia com duas crian\u00e7as \u00e9 roubada em plena luz do dia<\/h1>\n<\/div>\n<div class=\"medium-centered subtitle\">\n<h2 class=\"content-head__subtitle\">Moradores ouvidos pelo g1 dizem que a presen\u00e7a da Pol\u00edcia Militar na \u00e1rea, fazendo rondas di\u00e1rias, quase n\u00e3o existe. SSP diz que \u201co policiamento foi intensificado em toda a cidade, com foco especial nas \u00e1reas de maior incid\u00eancia criminal\u201d.<\/h2>\n<\/div>\n<\/div>\n<div><\/div>\n<div class=\"content__signa-share mc-column\">\n<div class=\"content__signature\">\n<div class=\"content-publication-data\">\n<div class=\"content-publication-data__text\">\n<p class=\"content-publication-data__from\" title=\"Rodrigo Rodrigues, Leonardo Rinaldi, Sabina Simonato\">Por\u00a0<a class=\"multi_signatures\" href=\"https:\/\/g1.globo.com\/autores\/rodrigo-rodrigues\/\">Rodrigo Rodrigues<\/a>,\u00a0<a class=\"multi_signatures\" href=\"https:\/\/g1.globo.com\/autores\/leonardo-rinaldi\/\">Leonardo Rinaldi<\/a>,\u00a0<a class=\"multi_signatures\" href=\"https:\/\/g1.globo.com\/autores\/sabina-simonato\/\">Sabina Simonato<\/a>, g1 SP e TV Globo \u2014 S\u00e3o Paulo<\/p>\n<\/div>\n<\/div>\n<\/div>\n<\/div>\n<\/div>\n<div class=\"mc-article-body\">\n<article>\n<div id=\"chunk-c3mtf\">\n<div class=\"cxm-video-block mc-column  content-media content-video\" data-block-type=\"backstage-video\" data-block-id=\"2\">\n<div class=\"content-media__container content-media__container--codex-fallback\">\n<div class=\"content-video__bigger-player-description-fixer\">\n<article class=\"content-video\">\n<section class=\"content-video__video-container\">\n<div class=\"content-video__video\">\n<div class=\"content-video__placeholder\" data-video-id=\"14017270\"><img decoding=\"async\" class=\"content-video__placeholder__thumb\" title=\"Casal tem celular roubado em Perdizes, Zona Oeste de SP\" src=\"https:\/\/s03.video.glbimg.com\/x240\/14017270.jpg\" alt=\"Casal tem celular roubado em Perdizes, Zona Oeste de SP\" \/><\/div>\n<\/div>\n<\/section>\n<\/article>\n<\/div>\n<div class=\"bs-block-video__container\">\n<p class=\"codex-caption codex-caption--small\">Casal tem celular roubado em Perdizes, Zona Oeste de SP<\/p>\n<\/div>\n<\/div>\n<\/div>\n<\/div>\n<div id=\"chunk-9ji7k\">\n<div class=\"mc-column mc-side-item__container\" data-block-type=\"ads\" data-block-id=\"4\">\n<div class=\"mc-side-item mc-side-item--right content-ads content-ads--side-ad\">\n<div id=\"banner_materia1\">\n<div id=\"google_ads_iframe_\/95377733\/tvg_G1\/Sua_Regiao&gt;Sudeste&gt;Sao_Paulo_1__container__\" style=\"box-sizing: inherit; margin: auto; padding: 0px; border: 0pt none; font: inherit; vertical-align: baseline; text-align: center;\"><\/div>\n<\/div>\n<\/div>\n<\/div>\n<\/div>\n<div id=\"chunk-6fupm\">\n<div class=\"mc-column content-text active-extra-styles \" data-block-type=\"unstyled\" data-block-weight=\"23\" data-block-id=\"3\">\n<p class=\" content-text__container \" data-track-category=\"Link no Texto\" data-track-links=\"\" data-mrf-recirculation=\"Mat\u00e9ria - Links no Texto\">Uma onda de assaltos praticada por motociclistas disfar\u00e7ados de entregadores tem assustado os moradores de\u00a0<a class=\"\" href=\"https:\/\/g1.globo.com\/mg\/triangulo-mineiro\/cidade\/perdizes\/\" data-mrf-link=\"https:\/\/g1.globo.com\/mg\/triangulo-mineiro\/cidade\/perdizes\/\">Perdizes<\/a>, na Zona Oeste de\u00a0<a class=\"\" href=\"https:\/\/g1.globo.com\/sp\/sao-paulo\/cidade\/sao-paulo\/\" data-mrf-link=\"https:\/\/g1.globo.com\/sp\/sao-paulo\/cidade\/sao-paulo\/\">S\u00e3o Paulo<\/a>.<\/p>\n<\/div>\n<\/div>\n<div class=\"wall protected-content\">\n<div id=\"chunk-cij8n\">\n<div class=\"mc-column content-text active-extra-styles \" data-block-type=\"unstyled\" data-block-weight=\"38\" data-block-id=\"5\">\n<p class=\" content-text__container \" data-track-category=\"Link no Texto\" data-track-links=\"\" data-mrf-recirculation=\"Mat\u00e9ria - Links no Texto\">Num per\u00edodo de cinco dias, ao menos dois casos graves foram registrados. Um deles foi no \u00faltimo s\u00e1bado (11), quando um casal que caminhava pela Rua Campevas, com dois filhos pequenos, foi perseguido por um motociclista armado.<\/p>\n<\/div>\n<\/div>\n<div id=\"chunk-11gja\">\n<div class=\"mc-column content-text active-extra-styles \" data-block-type=\"unstyled\" data-block-weight=\"26\" data-block-id=\"6\">\n<p class=\" content-text__container \" data-track-category=\"Link no Texto\" data-track-links=\"\" data-mrf-recirculation=\"Mat\u00e9ria - Links no Texto\">Eles tentaram entrar em um pr\u00e9dio antes do assalto, mas n\u00e3o conseguiram, e\u00a0<span class=\"highlight highlighted\">o ladr\u00e3o levou o celular do pai das crian\u00e7as<\/span>\u00a0<strong>(veja v\u00eddeo acima)<\/strong>.<\/p>\n<\/div>\n<\/div>\n<div id=\"chunk-cvm7k\">\n<div class=\"mc-column content-text active-extra-styles \" data-block-type=\"unstyled\" data-block-weight=\"14\" data-block-id=\"7\">\n<p class=\" content-text__container \" data-track-category=\"Link no Texto\" data-track-links=\"\" data-mrf-recirculation=\"Mat\u00e9ria - Links no Texto\">A abordagem aconteceu\u00a0<strong>em plena luz do dia<\/strong>, por volta das 16 horas.<\/p>\n<\/div>\n<\/div>\n<div id=\"chunk-eg0n8\">\n<div class=\"content-ads content-ads--reveal\" data-block-type=\"ads\" data-block-id=\"8\">\n<div id=\"banner_materia2\">\n<div id=\"google_ads_iframe_\/95377733\/tvg_G1\/Sua_Regiao&gt;Sudeste&gt;Sao_Paulo_2__container__\" style=\"box-sizing: inherit; margin: auto; padding: 0px; border: 0pt none; font: inherit; vertical-align: baseline; text-align: center;\"><\/div>\n<\/div>\n<\/div>\n<\/div>\n<div id=\"chunk-6mah6\">\n<div class=\"mc-column content-text active-extra-styles \" data-block-type=\"unstyled\" data-block-weight=\"26\" data-block-id=\"9\">\n<p class=\" content-text__container \" data-track-category=\"Link no Texto\" data-track-links=\"\" data-mrf-recirculation=\"Mat\u00e9ria - Links no Texto\">Pelo v\u00eddeo, \u00e9 poss\u00edvel ver as crian\u00e7as com medo, agarradas \u00e0 m\u00e3e, enquanto o pai levanta as m\u00e3os e entrega o aparelho para o criminoso.<\/p>\n<\/div>\n<\/div>\n<div id=\"chunk-aa4go\">\n<div class=\"row medium-uncollapsed content-media content-photo\" data-block-type=\"backstage-photo\" data-block-id=\"10\">\n<div class=\" mc-column  content-media__container\">\n<div class=\"content-media-container glb-skeleton-box\">\n<figure class=\"content-media-figure\"><img decoding=\"async\" class=\"i-amphtml-fill-content i-amphtml-replaced-content\" src=\"https:\/\/s2-g1.glbimg.com\/z6WVVoPiTk2Ds0TvGgLRajsGERI=\/0x0:768x526\/984x0\/smart\/filters:strip_icc()\/i.s3.glbimg.com\/v1\/AUTH_59edd422c0c84a879bd37670ae4f538a\/internal_photos\/bs\/2025\/W\/7\/9jmqiNQ1A8il8biBKKbw\/familia-assaltada-na-campevas2.jpg\" sizes=\"(max-width: 1366px) 648px, 100vw\" srcset=\"https:\/\/s2-g1.glbimg.com\/PA84cnmNFAo330_J5J0iuoCueVc=\/0x0:768x526\/1000x0\/smart\/filters:strip_icc()\/i.s3.glbimg.com\/v1\/AUTH_59edd422c0c84a879bd37670ae4f538a\/internal_photos\/bs\/2025\/W\/7\/9jmqiNQ1A8il8biBKKbw\/familia-assaltada-na-campevas2.jpg 1000w, https:\/\/s2-g1.glbimg.com\/z6WVVoPiTk2Ds0TvGgLRajsGERI=\/0x0:768x526\/984x0\/smart\/filters:strip_icc()\/i.s3.glbimg.com\/v1\/AUTH_59edd422c0c84a879bd37670ae4f538a\/internal_photos\/bs\/2025\/W\/7\/9jmqiNQ1A8il8biBKKbw\/familia-assaltada-na-campevas2.jpg 984w, https:\/\/s2-g1.glbimg.com\/gJuZvIvCqX9r0cntLlNaUgn1EMA=\/0x0:768x526\/640x0\/smart\/filters:strip_icc()\/i.s3.glbimg.com\/v1\/AUTH_59edd422c0c84a879bd37670ae4f538a\/internal_photos\/bs\/2025\/W\/7\/9jmqiNQ1A8il8biBKKbw\/familia-assaltada-na-campevas2.jpg 640w, https:\/\/s2-g1.glbimg.com\/GMWwnNCBzk92ZTj_bd6RlGZQt0o=\/0x0:768x526\/600x0\/smart\/filters:strip_icc()\/i.s3.glbimg.com\/v1\/AUTH_59edd422c0c84a879bd37670ae4f538a\/internal_photos\/bs\/2025\/W\/7\/9jmqiNQ1A8il8biBKKbw\/familia-assaltada-na-campevas2.jpg 600w\" alt=\"Casal com dois filhos \u00e9 abordado por motociclista armado na rua Campevas, em Perdizes, Zona Oeste de S\u00e3o Paulo. \u2014 Foto: Reprodu\u00e7\u00e3o\/TV Globo\" \/><\/figure>\n<\/div>\n<p class=\"content-media__description  \">Casal com dois filhos \u00e9 abordado por motociclista armado na rua Campevas, em Perdizes, Zona Oeste de S\u00e3o Paulo. \u2014 Foto: Reprodu\u00e7\u00e3o\/TV Globo<\/p>\n<\/div>\n<\/div>\n<\/div>\n<div id=\"chunk-b7vv\">\n<div class=\"mc-column content-text active-extra-styles \" data-block-type=\"unstyled\" data-block-weight=\"21\" data-block-id=\"11\">\n<p class=\" content-text__container \" data-track-category=\"Link no Texto\" data-track-links=\"\" data-mrf-recirculation=\"Mat\u00e9ria - Links no Texto\">Outro assalto aconteceu na noite de quarta-feira (15), na Rua Apinaj\u00e9s, no trecho entre as ruas Ministro Gast\u00e3o Mesquita e Piracuama.<\/p>\n<\/div>\n<\/div>\n<div id=\"chunk-7aqoo\">\n<div class=\"mc-column content-text active-extra-styles \" data-block-type=\"unstyled\" data-block-weight=\"23\" data-block-id=\"12\">\n<p class=\" content-text__container \" data-track-category=\"Link no Texto\" data-track-links=\"\" data-mrf-recirculation=\"Mat\u00e9ria - Links no Texto\">Uma mulher que passeava com o cachorro foi abordada por um criminoso armado que exigiu o celular e a senha do aparelho.<\/p>\n<\/div>\n<\/div>\n<div id=\"chunk-3e8sl\">\n<div class=\"mc-column content-text active-extra-styles\" data-block-type=\"raw\" data-block-weight=\"28\" data-block-id=\"13\">\n<p class=\"content-text__container\" data-mrf-recirculation=\"Mat\u00e9ria - Links no Texto\">\n<blockquote class=\"content-blockquote theme-border-color-primary-before\"><p>Os vizinhos que perceberam o crime at\u00e9 gritaram por socorro, na inten\u00e7\u00e3o de coibir o assalto, mas o bandido prosseguiu na a\u00e7\u00e3o, sem se incomodar com os alertas.<\/p><\/blockquote>\n<p>&nbsp;<\/p>\n<\/div>\n<\/div>\n<div id=\"chunk-pdik\">\n<div class=\"mc-column content-text active-extra-styles \" data-block-type=\"unstyled\" data-block-weight=\"30\" data-block-id=\"14\">\n<p class=\" content-text__container \" data-track-category=\"Link no Texto\" data-track-links=\"\" data-mrf-recirculation=\"Mat\u00e9ria - Links no Texto\">Na sexta-feira passada (9), por volta das 23h50, as c\u00e2meras de seguran\u00e7a de um edif\u00edcio da Rua Dom\u00edcio da Gama flagraram o roubo de tr\u00eas carros estacionados na via.<\/p>\n<\/div>\n<\/div>\n<div id=\"chunk-5r7se\">\n<div class=\"content-ads content-ads--reveal\" data-block-type=\"ads\" data-block-id=\"15\">\n<div id=\"banner_materia__d141881f-073c-4a80-ac0f-eb4d35130d6a\">\n<div id=\"google_ads_iframe_\/95377733\/tvg_G1\/Sua_Regiao&gt;Sudeste&gt;Sao_Paulo_3__container__\" style=\"box-sizing: inherit; margin: auto; padding: 0px; border: 0pt none; font: inherit; vertical-align: baseline; text-align: center;\"><\/div>\n<\/div>\n<\/div>\n<\/div>\n<div id=\"chunk-dtf93\">\n<div class=\"mc-column content-text active-extra-styles \" data-block-type=\"unstyled\" data-block-weight=\"23\" data-block-id=\"16\">\n<p class=\" content-text__container \" data-track-category=\"Link no Texto\" data-track-links=\"\" data-mrf-recirculation=\"Mat\u00e9ria - Links no Texto\">Os ladr\u00f5es tamb\u00e9m contavam com o aux\u00edlio de um motociclista na retaguarda, para facilitar a fuga em caso de impedimento do roubo.<\/p>\n<\/div>\n<\/div>\n<div id=\"chunk-18vg\">\n<div class=\"cxm-video-block mc-column  content-media content-video\" data-block-type=\"backstage-video\" data-block-id=\"17\">\n<div class=\"content-media__container content-media__container--codex-fallback\">\n<div class=\"content-video__bigger-player-description-fixer\">\n<article class=\"content-video\">\n<section class=\"content-video__video-container\">\n<div class=\"content-video__video\">\n<div class=\"content-video__placeholder\" data-video-id=\"14017235\"><img decoding=\"async\" class=\"content-video__placeholder__thumb\" title=\"Motociclistas armados assaltam pedestres e roubam carros em Perdizes, Zona Oeste de SP\" src=\"https:\/\/s04.video.glbimg.com\/x240\/14017235.jpg\" alt=\"Motociclistas armados assaltam pedestres e roubam carros em Perdizes, Zona Oeste de SP\" \/><\/div>\n<\/div>\n<\/section>\n<\/article>\n<\/div>\n<div class=\"bs-block-video__container\">\n<p class=\"codex-caption codex-caption--small\">Motociclistas armados assaltam pedestres e roubam carros em Perdizes, Zona Oeste de SP<\/p>\n<\/div>\n<\/div>\n<\/div>\n<\/div>\n<div id=\"chunk-asn4s\">\n<div class=\"mc-column content-text active-extra-styles\" data-block-type=\"raw\" data-block-weight=\"3\" data-block-id=\"18\">\n<p class=\"content-text__container\" data-mrf-recirculation=\"Mat\u00e9ria - Links no Texto\">\n<div class=\"content-intertitle\">\n<h2>Relatos da vizinhan\u00e7a<\/h2>\n<\/div>\n<p>&nbsp;<\/p>\n<\/div>\n<\/div>\n<div id=\"chunk-al6ap\">\n<div class=\"mc-column content-text active-extra-styles \" data-block-type=\"unstyled\" data-block-weight=\"39\" data-block-id=\"19\">\n<p class=\" content-text__container \" data-track-category=\"Link no Texto\" data-track-links=\"\" data-mrf-recirculation=\"Mat\u00e9ria - Links no Texto\">Moradores ouvidos pelo<a class=\"\" href=\"https:\/\/g1.globo.com\/sp\/sao-paulo\/\" data-mrf-link=\"https:\/\/g1.globo.com\/sp\/sao-paulo\/\"><strong>\u00a0g1<\/strong><\/a>\u00a0dizem que a presen\u00e7a da Pol\u00edcia Militar na \u00e1rea, fazendo rondas di\u00e1rias, quase n\u00e3o existe. E que a popula\u00e7\u00e3o est\u00e1 amedrontada e presa dentro de casa, impossibilitada de sair a p\u00e9 para qualquer atividade.<\/p>\n<\/div>\n<\/div>\n<div id=\"chunk-6dn2r\">\n<div class=\"mc-column content-text active-extra-styles \" data-block-type=\"unstyled\" data-block-weight=\"26\" data-block-id=\"20\">\n<p class=\" content-text__container \" data-track-category=\"Link no Texto\" data-track-links=\"\" data-mrf-recirculation=\"Mat\u00e9ria - Links no Texto\">Os v\u00eddeos gravados por moradores mostram alguns desses motociclistas andando com correntes nas placas das motos, para n\u00e3o serem facilmente identificados por c\u00e2meras da regi\u00e3o.<\/p>\n<\/div>\n<\/div>\n<div id=\"chunk-fk6gs\">\n<div class=\"row medium-uncollapsed content-media content-photo\" data-block-type=\"backstage-photo\" data-block-id=\"21\">\n<div class=\" mc-column  content-media__container\">\n<div class=\"content-media-container glb-skeleton-box\">\n<figure class=\"content-media-figure\"><img decoding=\"async\" class=\"i-amphtml-fill-content i-amphtml-replaced-content\" src=\"https:\/\/s2-g1.glbimg.com\/BBoIGTv-lMG95F8j6LZIuVymjBs=\/6x0:546x413\/984x0\/smart\/filters:strip_icc()\/i.s3.glbimg.com\/v1\/AUTH_59edd422c0c84a879bd37670ae4f538a\/internal_photos\/bs\/2025\/p\/P\/jFDdRoQBWvamDTXxEFMg\/perdizes.jpg\" sizes=\"(max-width: 1366px) 648px, 100vw\" srcset=\"https:\/\/s2-g1.glbimg.com\/TwWlL28sja22AxAws4KrIQ5aLqk=\/6x0:546x413\/1000x0\/smart\/filters:strip_icc()\/i.s3.glbimg.com\/v1\/AUTH_59edd422c0c84a879bd37670ae4f538a\/internal_photos\/bs\/2025\/p\/P\/jFDdRoQBWvamDTXxEFMg\/perdizes.jpg 1000w, https:\/\/s2-g1.glbimg.com\/BBoIGTv-lMG95F8j6LZIuVymjBs=\/6x0:546x413\/984x0\/smart\/filters:strip_icc()\/i.s3.glbimg.com\/v1\/AUTH_59edd422c0c84a879bd37670ae4f538a\/internal_photos\/bs\/2025\/p\/P\/jFDdRoQBWvamDTXxEFMg\/perdizes.jpg 984w, https:\/\/s2-g1.glbimg.com\/2aUNZ2M6-OYTWsInc_1J8EwDTB4=\/6x0:546x413\/640x0\/smart\/filters:strip_icc()\/i.s3.glbimg.com\/v1\/AUTH_59edd422c0c84a879bd37670ae4f538a\/internal_photos\/bs\/2025\/p\/P\/jFDdRoQBWvamDTXxEFMg\/perdizes.jpg 640w, https:\/\/s2-g1.glbimg.com\/Uq0jvcmxlZdqwwWBfJ2QrS0Fg4s=\/6x0:546x413\/600x0\/smart\/filters:strip_icc()\/i.s3.glbimg.com\/v1\/AUTH_59edd422c0c84a879bd37670ae4f538a\/internal_photos\/bs\/2025\/p\/P\/jFDdRoQBWvamDTXxEFMg\/perdizes.jpg 600w\" alt=\"Motociclistas andam em Perdizes, na Zona Oeste de SP, com placas parcialmente tapadas por correntes para cometerem furtos e assaltos, segundo relato de moradores da regi\u00e3o. \u2014 Foto: Reprodu\u00e7\u00e3o\/Redes Sociais\" \/><\/figure>\n<\/div>\n<p class=\"content-media__description  \">Motociclistas andam em Perdizes, na Zona Oeste de SP, com placas parcialmente tapadas por correntes para cometerem furtos e assaltos, segundo relato de moradores da regi\u00e3o. \u2014 Foto: Reprodu\u00e7\u00e3o\/Redes Sociais<\/p>\n<\/div>\n<\/div>\n<\/div>\n<div id=\"chunk-bltg8\">\n<div class=\"content-ads content-ads--reveal\" data-block-type=\"ads\" data-block-id=\"22\">\n<div id=\"banner_materia__67c4348d-d98b-48a1-bd5a-88b3ace4648a\">\n<div id=\"google_ads_iframe_\/95377733\/tvg_G1\/Sua_Regiao&gt;Sudeste&gt;Sao_Paulo_4__container__\" style=\"box-sizing: inherit; margin: auto; padding: 0px; border: 0pt none; font: inherit; vertical-align: baseline; text-align: center;\"><\/div>\n<\/div>\n<\/div>\n<\/div>\n<div id=\"chunk-7ng97\">\n<div class=\"mc-column content-text active-extra-styles\" data-block-type=\"raw\" data-block-weight=\"51\" data-block-id=\"23\">\n<p class=\"content-text__container\" data-mrf-recirculation=\"Mat\u00e9ria - Links no Texto\">\n<blockquote class=\"content-blockquote theme-border-color-primary-before\"><p>\u201cTodos os dias chegam casos e v\u00eddeos novos de abordagens de criminosos. A gente se sente acuado, preso dentro de casa. \u00c9 assustador como os motoqueiros assaltam sem nenhum impedimento e sem pol\u00edcia nenhuma por perto para coibi-los\u201d, disse um empres\u00e1rio que vive na Rua Cayowa\u00e1 e prefere n\u00e3o se identificar.<\/p><\/blockquote>\n<p>&nbsp;<\/p>\n<\/div>\n<\/div>\n<div id=\"chunk-bjo9i\">\n<div class=\"mc-column content-text active-extra-styles \" data-block-type=\"unstyled\" data-block-weight=\"40\" data-block-id=\"24\">\n<p class=\" content-text__container \" data-track-category=\"Link no Texto\" data-track-links=\"\" data-mrf-recirculation=\"Mat\u00e9ria - Links no Texto\">\u201cAl\u00e9m dos assaltos, moradores do bairro est\u00e3o sofrendo h\u00e1 mais de 1 ano com baderna de bares, que funcionam at\u00e9 de madrugada de quinta a domingo, deixando rastro de sujeira e desvaloriza\u00e7\u00e3o\u201d, afirmou a s\u00edndica de outro pr\u00e9dio da \u00e1rea.<\/p>\n<\/div>\n<\/div>\n<div id=\"chunk-9acdl\">\n<div class=\"mc-column content-text active-extra-styles \" data-block-type=\"unstyled\" data-block-weight=\"28\" data-block-id=\"25\">\n<p class=\" content-text__container \" data-track-category=\"Link no Texto\" data-track-links=\"\" data-mrf-recirculation=\"Mat\u00e9ria - Links no Texto\">No m\u00eas passado, o\u00a0<a class=\"\" href=\"https:\/\/g1.globo.com\/sp\/sao-paulo\/noticia\/2025\/09\/19\/criminosos-atacam-motoristas-em-semaforo-de-perdizes-zona-oeste-de-sp-moradores-compram-apitos-para-alertar-sobre-assaltos-video.ghtml\" data-mrf-link=\"https:\/\/g1.globo.com\/sp\/sao-paulo\/noticia\/2025\/09\/19\/criminosos-atacam-motoristas-em-semaforo-de-perdizes-zona-oeste-de-sp-moradores-compram-apitos-para-alertar-sobre-assaltos-video.ghtml\"><strong>g1<\/strong><\/a>\u00a0j\u00e1 tinha mostrado os\u00a0<a class=\"\" href=\"https:\/\/g1.globo.com\/sp\/sao-paulo\/noticia\/2025\/09\/19\/criminosos-atacam-motoristas-em-semaforo-de-perdizes-zona-oeste-de-sp-moradores-compram-apitos-para-alertar-sobre-assaltos-video.ghtml\" data-mrf-link=\"https:\/\/g1.globo.com\/sp\/sao-paulo\/noticia\/2025\/09\/19\/criminosos-atacam-motoristas-em-semaforo-de-perdizes-zona-oeste-de-sp-moradores-compram-apitos-para-alertar-sobre-assaltos-video.ghtml\">flagrantes de assaltos no bairro sendo feitos nos sem\u00e1foros da Avenida Sumar\u00e9 e Paulo VI<\/a>\u00a0<strong>(veja v\u00eddeo abaixo)<\/strong>.<\/p>\n<\/div>\n<\/div>\n<div id=\"chunk-er9o6\">\n<div class=\"mc-column content-text active-extra-styles \" data-block-type=\"unstyled\" data-block-weight=\"22\" data-block-id=\"26\">\n<p class=\" content-text__container \" data-track-category=\"Link no Texto\" data-track-links=\"\" data-mrf-recirculation=\"Mat\u00e9ria - Links no Texto\">As imagens tamb\u00e9m tinham sido gravadas por moradores que compraram at\u00e9 apitos para alertar a vizinhan\u00e7a da presen\u00e7a dos criminosos na \u00e1rea.<\/p>\n<\/div>\n<\/div>\n<div id=\"chunk-5d43a\">\n<div class=\"cxm-video-block mc-column  content-media content-video\" data-block-type=\"backstage-video\" data-block-id=\"27\">\n<div class=\"content-media__container content-media__container--codex-fallback\">\n<div class=\"content-video__bigger-player-description-fixer\">\n<article class=\"content-video\">\n<section class=\"content-video__video-container\">\n<div class=\"content-video__video\">\n<div class=\"content-video__placeholder\" data-video-id=\"13943221\"><img decoding=\"async\" class=\"content-video__placeholder__thumb\" title=\"Ladr\u00f5es roubam carros parados em sem\u00e1foro das Avenidas Sumar\u00e9 e Paulo VI, em Perdizes\" src=\"https:\/\/s02.video.glbimg.com\/x240\/13943221.jpg\" alt=\"Ladr\u00f5es roubam carros parados em sem\u00e1foro das Avenidas Sumar\u00e9 e Paulo VI, em Perdizes\" \/><\/p>\n<div>\n<div id=\"wp3-player-3\" class=\"clappr-player\" tabindex=\"9999\" data-player=\"\">\n<div class=\"media-control media-control-hide h720 w960\">\n<div class=\"media-control-panel\">\n<div class=\"media-control-panel__modal\"><\/div>\n<\/div>\n<\/div>\n<\/div>\n<\/div>\n<\/div>\n<\/div>\n<\/section>\n<\/article>\n<\/div>\n<div class=\"bs-block-video__container\">\n<p class=\"codex-caption codex-caption--small\">Ladr\u00f5es roubam carros parados em sem\u00e1foro das Avenidas Sumar\u00e9 e Paulo VI, em Perdizes<\/p>\n<\/div>\n<\/div>\n<\/div>\n<\/div>\n<div id=\"chunk-59rf2\">\n<div class=\"mc-column content-text active-extra-styles\" data-block-type=\"raw\" data-block-weight=\"5\" data-block-id=\"29\">\n<p class=\"content-text__container\" data-mrf-recirculation=\"Mat\u00e9ria - Links no Texto\">\n<div class=\"content-intertitle\">\n<h2>O que diz a SSP<\/h2>\n<\/div>\n<p>&nbsp;<\/p>\n<\/div>\n<\/div>\n<div id=\"chunk-b53gq\">\n<div class=\"mc-column content-text active-extra-styles \" data-block-type=\"unstyled\" data-block-weight=\"36\" data-block-id=\"30\">\n<p class=\" content-text__container \" data-track-category=\"Link no Texto\" data-track-links=\"\" data-mrf-recirculation=\"Mat\u00e9ria - Links no Texto\">Por meio de nota, a Secretaria de Seguran\u00e7a P\u00fablica (SSP) da gest\u00e3o\u00a0<a class=\"\" href=\"https:\/\/g1.globo.com\/politica\/politico\/tarcisio-de-freitas\/\" data-mrf-link=\"https:\/\/g1.globo.com\/politica\/politico\/tarcisio-de-freitas\/\">Tarc\u00edsio de Freitas<\/a>\u00a0(<a class=\"\" href=\"https:\/\/g1.globo.com\/politica\/partido\/republicanos\/\" data-mrf-link=\"https:\/\/g1.globo.com\/politica\/partido\/republicanos\/\">Republicanos<\/a>) disse que \u201co policiamento foi intensificado em toda a cidade, com foco especial nas \u00e1reas de maior incid\u00eancia criminal\u201d.<\/p>\n<\/div>\n<\/div>\n<div id=\"chunk-69sn9\">\n<div class=\"mc-column content-text active-extra-styles \" data-block-type=\"unstyled\" data-block-weight=\"44\" data-block-id=\"31\">\n<p class=\" content-text__container \" data-track-category=\"Link no Texto\" data-track-links=\"\" data-mrf-recirculation=\"Mat\u00e9ria - Links no Texto\">\u201cComo resultado desse trabalho, o 23\u00b0 DP (Perdizes), respons\u00e1vel pela \u00e1rea citada pela reportagem, apresentou uma redu\u00e7\u00e3o de 9,27% entre janeiro e agosto deste ano, enquanto os roubos de ve\u00edculos ca\u00edram 42% no mesmo per\u00edodo\u201d, disse a pasta comandada por Guilherme Derrite (PL).<\/p>\n<\/div>\n<\/div>\n<div id=\"chunk-6s90a\">\n<div class=\"mc-column content-text active-extra-styles \" data-block-type=\"unstyled\" data-block-weight=\"54\" data-block-id=\"32\">\n<p class=\" content-text__container \" data-track-category=\"Link no Texto\" data-track-links=\"\" data-mrf-recirculation=\"Mat\u00e9ria - Links no Texto\">\u201cOs furtos tamb\u00e9m apresentaram queda de 9,68% e de 4,80% nos furtos de ve\u00edculo. A Pol\u00edcia Civil permanece \u00e0 disposi\u00e7\u00e3o das v\u00edtimas para o registro e investiga\u00e7\u00e3o de ocorr\u00eancias e ressalta que o boletim de ocorr\u00eancia \u00e9 essencial para a responsabiliza\u00e7\u00e3o dos autores, al\u00e9m de subsidiar o planejamento e a reorienta\u00e7\u00e3o do policiamento\u201d, completou.<\/p>\n<\/div>\n<\/div>\n<div id=\"chunk-erl33\">\n<div class=\"block-podcast\">\nFonte: G1<\/div>\n<\/div>\n<\/div>\n<\/article>\n<\/div>\n","protected":false},"excerpt":{"rendered":"<p>Assaltos praticados por motociclistas assustam moradores de Perdizes, em SP; fam\u00edlia com duas crian\u00e7as \u00e9 roubada em plena luz do<\/p>\n","protected":false},"author":1,"featured_media":10279,"comment_status":"open","ping_status":"open","sticky":false,"template":"","format":"standard","meta":{"colormag_page_container_layout":"default_layout","colormag_page_sidebar_layout":"default_layout","footnotes":""},"categories":[1],"tags":[],"class_list":["post-10269","post","type-post","status-publish","format-standard","has-post-thumbnail","hentry","category-geral"],"_links":{"self":[{"href":"http:\/\/metropoleemfoco.com.br\/index.php?rest_route=\/wp\/v2\/posts\/10269","targetHints":{"allow":["GET"]}}],"collection":[{"href":"http:\/\/metropoleemfoco.com.br\/index.php?rest_route=\/wp\/v2\/posts"}],"about":[{"href":"http:\/\/metropoleemfoco.com.br\/index.php?rest_route=\/wp\/v2\/types\/post"}],"author":[{"embeddable":true,"href":"http:\/\/metropoleemfoco.com.br\/index.php?rest_route=\/wp\/v2\/users\/1"}],"replies":[{"embeddable":true,"href":"http:\/\/metropoleemfoco.com.br\/index.php?rest_route=%2Fwp%2Fv2%2Fcomments&post=10269"}],"version-history":[{"count":1,"href":"http:\/\/metropoleemfoco.com.br\/index.php?rest_route=\/wp\/v2\/posts\/10269\/revisions"}],"predecessor-version":[{"id":10280,"href":"http:\/\/metropoleemfoco.com.br\/index.php?rest_route=\/wp\/v2\/posts\/10269\/revisions\/10280"}],"wp:featuredmedia":[{"embeddable":true,"href":"http:\/\/metropoleemfoco.com.br\/index.php?rest_route=\/wp\/v2\/media\/10279"}],"wp:attachment":[{"href":"http:\/\/metropoleemfoco.com.br\/index.php?rest_route=%2Fwp%2Fv2%2Fmedia&parent=10269"}],"wp:term":[{"taxonomy":"category","embeddable":true,"href":"http:\/\/metropoleemfoco.com.br\/index.php?rest_route=%2Fwp%2Fv2%2Fcategories&post=10269"},{"taxonomy":"post_tag","embeddable":true,"href":"http:\/\/metropoleemfoco.com.br\/index.php?rest_route=%2Fwp%2Fv2%2Ftags&post=10269"}],"curies":[{"name":"wp","href":"https:\/\/api.w.org\/{rel}","templated":true}]}}