{"id":10268,"date":"2025-10-16T17:11:38","date_gmt":"2025-10-16T20:11:38","guid":{"rendered":"http:\/\/metropoleemfoco.com.br\/?p=10268"},"modified":"2025-10-16T17:11:38","modified_gmt":"2025-10-16T20:11:38","slug":"areas-nobres-e-concentracao-na-zona-sul-mapa-mostra-casos-confirmados-de-intoxicacao-por-metanol-em-sp","status":"publish","type":"post","link":"http:\/\/metropoleemfoco.com.br\/?p=10268","title":{"rendered":"\u00c1reas nobres e concentra\u00e7\u00e3o na Zona Sul: mapa mostra casos confirmados de intoxica\u00e7\u00e3o por metanol em SP"},"content":{"rendered":"<div class=\"mc-article-header\">\n<div class=\"row content-head mc-column non-featured \">\n<div class=\"title\" data-block-type=\"title\" data-block-id=\"0\">\n<h1 class=\"content-head__title\">\u00c1reas nobres e concentra\u00e7\u00e3o na Zona Sul: mapa mostra casos confirmados de intoxica\u00e7\u00e3o por metanol em SP<\/h1>\n<\/div>\n<div class=\"medium-centered subtitle\">\n<h2 class=\"content-head__subtitle\">Dados da Prefeitura de S\u00e3o Paulo, obtidos pela TV Globo, mostram idade, sexo e bairros dos pacientes com intoxica\u00e7\u00e3o por bebida com metanol na capital paulista.<\/h2>\n<\/div>\n<\/div>\n<div><\/div>\n<div class=\"content__signa-share mc-column\">\n<div class=\"content__signature\">\n<div class=\"content-publication-data\">\n<div class=\"content-publication-data__text\">\n<p class=\"content-publication-data__from\" title=\"Carlos Henrique Dias\">Por\u00a0<a class=\"multi_signatures\" href=\"https:\/\/g1.globo.com\/autores\/carlos-henrique-dias\/\">Carlos Henrique Dias<\/a>, TV Globo e g1 SP\u00a0\u2014 S\u00e3o Paulo<\/p>\n<\/div>\n<\/div>\n<\/div>\n<\/div>\n<div class=\"glb-share-bar content__share-bar\">\n<div class=\"glb-share-bar_icons\">\n<div class=\"glb-share-bar_button-img\"><\/div>\n<div class=\"glb-share-bar_button-img\"><\/div>\n<\/div>\n<\/div>\n<\/div>\n<div class=\"mc-article-body\">\n<article>\n<div id=\"chunk-32fgb\">\n<div class=\"cxm-video-block mc-column  content-media content-video\" data-block-type=\"backstage-video\" data-block-id=\"2\">\n<div class=\"content-media__container content-media__container--codex-fallback\">\n<div class=\"content-video__bigger-player-description-fixer\">\n<article class=\"content-video\">\n<section class=\"content-video__video-container\">\n<div class=\"content-video__video\">\n<div class=\"content-video__placeholder\" data-video-id=\"13980132\"><img decoding=\"async\" class=\"content-video__placeholder__thumb\" title=\"O que acontece no corpo nas primeiras 12, 24 e 48 horas ap\u00f3s beber metanol\" src=\"https:\/\/s01.video.glbimg.com\/x240\/13980132.jpg\" alt=\"O que acontece no corpo nas primeiras 12, 24 e 48 horas ap\u00f3s beber metanol\" \/><\/div>\n<\/div>\n<\/section>\n<\/article>\n<\/div>\n<div class=\"bs-block-video__container\">\n<p class=\"codex-caption codex-caption--small\">O que acontece no corpo nas primeiras 12, 24 e 48 horas ap\u00f3s beber metanol<\/p>\n<\/div>\n<\/div>\n<\/div>\n<\/div>\n<div id=\"chunk-7pd0f\">\n<div class=\"mc-column mc-side-item__container\" data-block-type=\"ads\" data-block-id=\"4\">\n<div class=\"mc-side-item mc-side-item--right content-ads content-ads--side-ad mc-side-item--no-margin\"><\/div>\n<\/div>\n<\/div>\n<div id=\"chunk-b3v0h\">\n<div class=\"mc-column content-text active-extra-styles \" data-block-type=\"unstyled\" data-block-weight=\"43\" data-block-id=\"3\">\n<p class=\" content-text__container \" data-track-category=\"Link no Texto\" data-track-links=\"\" data-mrf-recirculation=\"Mat\u00e9ria - Links no Texto\">Dados obtidos pela\u00a0<strong>TV Globo<\/strong>\u00a0com a Prefeitura de\u00a0<a class=\"\" href=\"https:\/\/g1.globo.com\/sp\/sao-paulo\/cidade\/sao-paulo\/\" data-mrf-link=\"https:\/\/g1.globo.com\/sp\/sao-paulo\/cidade\/sao-paulo\/\">S\u00e3o Paulo<\/a>\u00a0mostram que a maioria dos casos confirmados de intoxica\u00e7\u00e3o por bebida com metanol na cidade de S\u00e3o Paulo, entre setembro e outubro deste ano, est\u00e1 concentrada na Zona Sul da capital.<\/p>\n<\/div>\n<\/div>\n<div class=\"wall protected-content\">\n<div id=\"chunk-60utj\">\n<div class=\"mc-column content-text active-extra-styles \" data-block-type=\"unstyled\" data-block-weight=\"49\" data-block-id=\"5\">\n<p class=\" content-text__container \" data-track-category=\"Link no Texto\" data-track-links=\"\" data-mrf-recirculation=\"Mat\u00e9ria - Links no Texto\">Os dados s\u00e3o da quarta-feira (15) e apontam 21 pessoas intoxicadas com metanol. Entre os pacientes, h\u00e1 uma adolescente de 16 anos do bairro Itaim Bibi, na Zona Oeste, e adultos entre 20 e 64 anos em bairros do extremo Sul, como Cidade Dutra, Jardim S\u00e3o Lu\u00eds e Graja\u00fa.<\/p>\n<\/div>\n<\/div>\n<div id=\"chunk-8cnpk\">\n<div class=\"mc-column content-text active-extra-styles \" data-block-type=\"unstyled\" data-block-weight=\"26\" data-block-id=\"6\">\n<p class=\" content-text__container \" data-track-category=\"Link no Texto\" data-track-links=\"\" data-mrf-recirculation=\"Mat\u00e9ria - Links no Texto\">A an\u00e1lise por bairros revela que a Cidade Dutra registra o maior n\u00famero de casos, com quatro ocorr\u00eancias, seguida pelo Jardim S\u00e3o Lu\u00eds, com dois.<\/p>\n<\/div>\n<\/div>\n<div id=\"chunk-2emrd\">\n<div class=\"mc-column content-text active-extra-styles\" data-block-type=\"raw\" data-block-weight=\"42\" data-block-id=\"9\">\n<p>&nbsp;<\/p>\n<\/div>\n<\/div>\n<div id=\"chunk-7ggie\">\n<div class=\"row medium-uncollapsed content-media content-photo\" data-block-type=\"backstage-photo\" data-block-id=\"10\">\n<div class=\" mc-column  content-media__container\">\n<div class=\"content-media-container glb-skeleton-box\">\n<figure class=\"content-media-figure\"><img decoding=\"async\" class=\"i-amphtml-fill-content i-amphtml-replaced-content\" src=\"https:\/\/s2-g1.glbimg.com\/Kzfw2Ni3p8b3gBQWw0MOaATEvTk=\/0x0:1200x676\/984x0\/smart\/filters:strip_icc()\/i.s3.glbimg.com\/v1\/AUTH_59edd422c0c84a879bd37670ae4f538a\/internal_photos\/bs\/2025\/8\/s\/9DxkqrTs6nGwInEU9Kew\/metanol-1-.jpg\" sizes=\"(max-width: 1366px) 648px, 100vw\" srcset=\"https:\/\/s2-g1.glbimg.com\/5QwNixTfiL79vrunHs7J2d1JvoY=\/0x0:1200x676\/1000x0\/smart\/filters:strip_icc()\/i.s3.glbimg.com\/v1\/AUTH_59edd422c0c84a879bd37670ae4f538a\/internal_photos\/bs\/2025\/8\/s\/9DxkqrTs6nGwInEU9Kew\/metanol-1-.jpg 1000w, https:\/\/s2-g1.glbimg.com\/Kzfw2Ni3p8b3gBQWw0MOaATEvTk=\/0x0:1200x676\/984x0\/smart\/filters:strip_icc()\/i.s3.glbimg.com\/v1\/AUTH_59edd422c0c84a879bd37670ae4f538a\/internal_photos\/bs\/2025\/8\/s\/9DxkqrTs6nGwInEU9Kew\/metanol-1-.jpg 984w, https:\/\/s2-g1.glbimg.com\/c3ko1WuUO8jNvnf8APMdJKAtFDE=\/0x0:1200x676\/640x0\/smart\/filters:strip_icc()\/i.s3.glbimg.com\/v1\/AUTH_59edd422c0c84a879bd37670ae4f538a\/internal_photos\/bs\/2025\/8\/s\/9DxkqrTs6nGwInEU9Kew\/metanol-1-.jpg 640w, https:\/\/s2-g1.glbimg.com\/oUVvLB-pNHQ_PXaXTmNpo6huxMk=\/0x0:1200x676\/600x0\/smart\/filters:strip_icc()\/i.s3.glbimg.com\/v1\/AUTH_59edd422c0c84a879bd37670ae4f538a\/internal_photos\/bs\/2025\/8\/s\/9DxkqrTs6nGwInEU9Kew\/metanol-1-.jpg 600w\" alt=\"Casos de intoxica\u00e7\u00f5es por metanol s\u00e3o registrados no Brasil \u2014 Foto: Reprodu\u00e7\u00e3o\/TV Globo\/Fant\u00e1stico\" \/><\/figure>\n<\/div>\n<p class=\"content-media__description  \">Casos de intoxica\u00e7\u00f5es por metanol s\u00e3o registrados no Brasil \u2014 Foto: Reprodu\u00e7\u00e3o\/TV Globo\/Fant\u00e1stico<\/p>\n<\/div>\n<\/div>\n<\/div>\n<div id=\"chunk-ckap1\">\n<div class=\"mc-column content-text active-extra-styles \" data-block-type=\"unstyled\" data-block-weight=\"28\" data-block-id=\"11\">\n<p class=\" content-text__container \" data-track-category=\"Link no Texto\" data-track-links=\"\" data-mrf-recirculation=\"Mat\u00e9ria - Links no Texto\">Outros bairros da Zona Sul como Sacom\u00e3, Cap\u00e3o Redondo, Parelheiros, Vila Mariana\/Jabaquara e Vila Andrade tamb\u00e9m aparecem no mapa, refor\u00e7ando a concentra\u00e7\u00e3o de registros nessa regi\u00e3o da cidade.<\/p>\n<\/div>\n<\/div>\n<div id=\"chunk-2qvkd\">\n<div class=\"mc-column content-text active-extra-styles \" data-block-type=\"unstyled\" data-block-weight=\"29\" data-block-id=\"12\">\n<p class=\" content-text__container \" data-track-category=\"Link no Texto\" data-track-links=\"\" data-mrf-recirculation=\"Mat\u00e9ria - Links no Texto\">Casos isolados foram registrados em outras \u00e1reas da capital: na Zona Leste, bairros como Mooca, Tatuap\u00e9 e Vila Formosa; na Zona Oeste, Butant\u00e3; e na regi\u00e3o central, Consola\u00e7\u00e3o.<\/p>\n<\/div>\n<\/div>\n<div id=\"chunk-ngdl\">\n<div class=\"content-ads content-ads--reveal\" data-block-type=\"ads\" data-block-id=\"13\">\n<div id=\"banner_materia__4fa78471-934a-4e7c-9e18-1572cf4755cf\">\n<div id=\"google_ads_iframe_\/95377733\/tvg_G1\/Sua_Regiao&gt;Sudeste&gt;Sao_Paulo_3__container__\" style=\"box-sizing: inherit; margin: auto; padding: 0px; border: 0pt none; font: inherit; vertical-align: baseline; text-align: center;\"><\/div>\n<\/div>\n<\/div>\n<\/div>\n<div id=\"chunk-3fk09\">\n<div class=\"mc-column content-text active-extra-styles \" data-block-type=\"unstyled\" data-block-weight=\"16\" data-block-id=\"14\">\n<p class=\" content-text__container \" data-track-category=\"Link no Texto\" data-track-links=\"\" data-mrf-recirculation=\"Mat\u00e9ria - Links no Texto\"><strong>Veja no mapa e abaixo a distribui\u00e7\u00e3o dos casos por bairro, idade e sexo dos pacientes:<\/strong><\/p>\n<\/div>\n<\/div>\n<div id=\"chunk-6as9p\">\n<div class=\"row medium-uncollapsed content-media content-photo\" data-block-type=\"backstage-photo\" data-block-id=\"15\">\n<div class=\" mc-column  content-media__container\">\n<div class=\"content-media-container glb-skeleton-box\">\n<figure class=\"content-media-figure\"><\/figure>\n<\/div>\n<p class=\"content-media__description  \">Infogr\u00e1fico &#8211; Distribui\u00e7\u00e3o de casos de intoxica\u00e7\u00e3o por metanol na capital paulsita \u2014 Foto: Arte\/g1<\/p>\n<\/div>\n<\/div>\n<\/div>\n<div id=\"chunk-52ri4\">\n<div class=\"mc-column content-text active-extra-styles\" data-block-type=\"raw\" data-block-weight=\"5\" data-block-id=\"16\">\n<p class=\"content-text__container\" data-mrf-recirculation=\"Mat\u00e9ria - Links no Texto\">\n<div class=\"content-intertitle\">\n<h2>Mortes no estado de SP<\/h2>\n<\/div>\n<p>&nbsp;<\/p>\n<\/div>\n<\/div>\n<div id=\"chunk-105ve\">\n<div class=\"row medium-uncollapsed content-media content-photo\" data-block-type=\"backstage-photo\" data-block-id=\"17\">\n<div class=\" mc-column  content-media__container\">\n<div class=\"content-media-container glb-skeleton-box\">\n<figure class=\"content-media-figure\"><img decoding=\"async\" class=\"i-amphtml-fill-content i-amphtml-replaced-content\" src=\"https:\/\/s2-g1.glbimg.com\/dm7B3yjMpvvtp1c0bX7jtzj1ejs=\/0x0:1136x636\/984x0\/smart\/filters:strip_icc()\/i.s3.glbimg.com\/v1\/AUTH_59edd422c0c84a879bd37670ae4f538a\/internal_photos\/bs\/2025\/V\/3\/oBcohBSxGdjKcTB7bOCw\/fotojet-10-.jpg\" sizes=\"(max-width: 1366px) 648px, 100vw\" srcset=\"https:\/\/s2-g1.glbimg.com\/MpbXTqkh5ZrY6TrQwhZywwf5wBw=\/0x0:1136x636\/1000x0\/smart\/filters:strip_icc()\/i.s3.glbimg.com\/v1\/AUTH_59edd422c0c84a879bd37670ae4f538a\/internal_photos\/bs\/2025\/V\/3\/oBcohBSxGdjKcTB7bOCw\/fotojet-10-.jpg 1000w, https:\/\/s2-g1.glbimg.com\/dm7B3yjMpvvtp1c0bX7jtzj1ejs=\/0x0:1136x636\/984x0\/smart\/filters:strip_icc()\/i.s3.glbimg.com\/v1\/AUTH_59edd422c0c84a879bd37670ae4f538a\/internal_photos\/bs\/2025\/V\/3\/oBcohBSxGdjKcTB7bOCw\/fotojet-10-.jpg 984w, https:\/\/s2-g1.glbimg.com\/0mFGAyQwkC8IFRmkqM2w5YiXE-U=\/0x0:1136x636\/640x0\/smart\/filters:strip_icc()\/i.s3.glbimg.com\/v1\/AUTH_59edd422c0c84a879bd37670ae4f538a\/internal_photos\/bs\/2025\/V\/3\/oBcohBSxGdjKcTB7bOCw\/fotojet-10-.jpg 640w, https:\/\/s2-g1.glbimg.com\/mgIXRH6pf4h4EGOGLcFnkvidckk=\/0x0:1136x636\/600x0\/smart\/filters:strip_icc()\/i.s3.glbimg.com\/v1\/AUTH_59edd422c0c84a879bd37670ae4f538a\/internal_photos\/bs\/2025\/V\/3\/oBcohBSxGdjKcTB7bOCw\/fotojet-10-.jpg 600w\" alt=\"Marcos Ant\u00f4nio Jorge J\u00fanior, Bruna Ara\u00fajo e Marcelo Lombardi s\u00e3o tr\u00eas dos cinco mortos confirmados por ingest\u00e3o de bebida alco\u00f3lica com metanol. \u2014 Foto: Reprodu\u00e7\u00e3o\/TV Globo\" \/><\/figure>\n<\/div>\n<p class=\"content-media__description  \">Marcos Ant\u00f4nio Jorge J\u00fanior, Bruna Ara\u00fajo e Marcelo Lombardi s\u00e3o tr\u00eas dos cinco mortos confirmados por ingest\u00e3o de bebida alco\u00f3lica com metanol. \u2014 Foto: Reprodu\u00e7\u00e3o\/TV Globo<\/p>\n<\/div>\n<\/div>\n<\/div>\n<div id=\"chunk-b7fq9\">\n<div class=\"content-ads content-ads--reveal\" data-block-type=\"ads\" data-block-id=\"18\">\n<div id=\"banner_materia__747b3048-72f3-4d12-a128-eedf9a079fb6\">\n<div id=\"google_ads_iframe_\/95377733\/tvg_G1\/Sua_Regiao&gt;Sudeste&gt;Sao_Paulo_4__container__\" style=\"box-sizing: inherit; margin: auto; padding: 0px; border: 0pt none; font: inherit; vertical-align: baseline; text-align: center;\"><\/div>\n<\/div>\n<\/div>\n<\/div>\n<div id=\"chunk-cbq0u\">\n<div class=\"mc-column content-text active-extra-styles \" data-block-type=\"unstyled\" data-block-weight=\"29\" data-block-id=\"19\">\n<p class=\" content-text__container \" data-track-category=\"Link no Texto\" data-track-links=\"\" data-mrf-recirculation=\"Mat\u00e9ria - Links no Texto\"><strong>Subiu de cinco para seis o n\u00famero de mortes confirmadas por intoxica\u00e7\u00e3o de bebida alco\u00f3lica &#8220;batizada&#8221; com metanol\u00a0<\/strong>no estado, segundo boletim divulgado pelo governo paulista nesta quarta-feira (15).<\/p>\n<\/div>\n<\/div>\n<div id=\"chunk-evm8r\">\n<div class=\"mc-column content-text active-extra-styles \" data-block-type=\"unstyled\" data-block-weight=\"33\" data-block-id=\"20\">\n<p class=\" content-text__container \" data-track-category=\"Link no Texto\" data-track-links=\"\" data-mrf-recirculation=\"Mat\u00e9ria - Links no Texto\">Segundo a\u00a0<strong>TV Globo<\/strong>\u00a0apurou, a nova morte confirmada \u00e9 de Leandro Anderson, de 37 anos, morador de Jundia\u00ed, interior paulista.\u00a0<a class=\"\" href=\"https:\/\/g1.globo.com\/sp\/sorocaba-jundiai\/noticia\/2025\/10\/14\/prefeitura-confirma-morte-de-homem-internado-em-jundiai-apos-intoxicacao-por-metanol.ghtml\" data-mrf-link=\"https:\/\/g1.globo.com\/sp\/sorocaba-jundiai\/noticia\/2025\/10\/14\/prefeitura-confirma-morte-de-homem-internado-em-jundiai-apos-intoxicacao-por-metanol.ghtml\">Ele estava internado desde 3 de outubro, e morreu nesta ter\u00e7a-feira (14)<\/a>.<\/p>\n<\/div>\n<\/div>\n<div id=\"chunk-ennqt\">\n<div class=\"mc-column content-text active-extra-styles \" data-block-type=\"unstyled\" data-block-weight=\"11\" data-block-id=\"21\">\n<p class=\" content-text__container \" data-track-category=\"Link no Texto\" data-track-links=\"\" data-mrf-recirculation=\"Mat\u00e9ria - Links no Texto\">Os \u00f3bitos confirmados por ingest\u00e3o de bebida adulterada com metanol s\u00e3o:<\/p>\n<\/div>\n<\/div>\n<div id=\"chunk-fe6o3\">\n<div class=\"mc-column content-text active-extra-styles \" data-block-type=\"unstyled\" data-block-weight=\"20\" data-block-id=\"23\">\n<p class=\" content-text__container \" data-track-category=\"Link no Texto\" data-track-links=\"\" data-mrf-recirculation=\"Mat\u00e9ria - Links no Texto\">O governo tamb\u00e9m confirmou 33 casos de intoxica\u00e7\u00e3o por metanol e descartou 339.\u00a0<strong>H\u00e1 ainda 57 casos em investiga\u00e7\u00e3o. Veja:<\/strong><\/p>\n<\/div>\n<\/div>\n<div id=\"chunk-cb1t1\">\n<div class=\"row medium-uncollapsed content-media content-photo\" data-block-type=\"backstage-photo\" data-block-id=\"24\">\n<div class=\" mc-column  content-media__container\">\n<div class=\"content-media-container glb-skeleton-box\">\n<figure class=\"content-media-figure\"><img decoding=\"async\" class=\"i-amphtml-fill-content i-amphtml-replaced-content\" src=\"https:\/\/s2-g1.glbimg.com\/Dn0XuvQhBj9NQ8k3R0vC-i52t9s=\/0x0:653x2560\/984x0\/smart\/filters:strip_icc()\/i.s3.glbimg.com\/v1\/AUTH_59edd422c0c84a879bd37670ae4f538a\/internal_photos\/bs\/2025\/e\/B\/dkLB2iQOyKg6gUh718TA\/whatsapp-image-2025-10-15-at-17.53.08.jpeg\" sizes=\"(max-width: 1366px) 648px, 100vw\" srcset=\"https:\/\/s2-g1.glbimg.com\/48XPDaffrGrTW8na_VSg0WAjZiM=\/0x0:653x2560\/1000x0\/smart\/filters:strip_icc()\/i.s3.glbimg.com\/v1\/AUTH_59edd422c0c84a879bd37670ae4f538a\/internal_photos\/bs\/2025\/e\/B\/dkLB2iQOyKg6gUh718TA\/whatsapp-image-2025-10-15-at-17.53.08.jpeg 1000w, https:\/\/s2-g1.glbimg.com\/Dn0XuvQhBj9NQ8k3R0vC-i52t9s=\/0x0:653x2560\/984x0\/smart\/filters:strip_icc()\/i.s3.glbimg.com\/v1\/AUTH_59edd422c0c84a879bd37670ae4f538a\/internal_photos\/bs\/2025\/e\/B\/dkLB2iQOyKg6gUh718TA\/whatsapp-image-2025-10-15-at-17.53.08.jpeg 984w, https:\/\/s2-g1.glbimg.com\/YYKTjdci7fDiQgx-mMPB258N9F4=\/0x0:653x2560\/640x0\/smart\/filters:strip_icc()\/i.s3.glbimg.com\/v1\/AUTH_59edd422c0c84a879bd37670ae4f538a\/internal_photos\/bs\/2025\/e\/B\/dkLB2iQOyKg6gUh718TA\/whatsapp-image-2025-10-15-at-17.53.08.jpeg 640w, https:\/\/s2-g1.glbimg.com\/R2l7Gln9RW3x8Df0RJvhFm9DZ-4=\/0x0:653x2560\/600x0\/smart\/filters:strip_icc()\/i.s3.glbimg.com\/v1\/AUTH_59edd422c0c84a879bd37670ae4f538a\/internal_photos\/bs\/2025\/e\/B\/dkLB2iQOyKg6gUh718TA\/whatsapp-image-2025-10-15-at-17.53.08.jpeg 600w\" alt=\"Casos de intoxica\u00e7\u00e3o por metanol em SP, segundo boletim do dia 15 de outubro \u2014 Foto: Divulga\u00e7\u00e3o\/Governo de SP\" \/><\/figure>\n<\/div>\n<p class=\"content-media__description  \">Casos de intoxica\u00e7\u00e3o por metanol em SP, segundo boletim do dia 15 de outubro \u2014 Foto: Divulga\u00e7\u00e3o\/Governo de SP<\/p>\n<\/div>\n<\/div>\n<\/div>\n<div id=\"chunk-3nhm8\">\n<div class=\"mc-column content-text active-extra-styles\" data-block-type=\"raw\" data-block-weight=\"2\" data-block-id=\"26\">\n<p class=\"content-text__container\" data-mrf-recirculation=\"Mat\u00e9ria - Links no Texto\">\n<div class=\"content-intertitle\">\n<h2>Protocolo padr\u00e3o<\/h2>\n<\/div>\n<p>&nbsp;<\/p>\n<\/div>\n<\/div>\n<div id=\"chunk-2955t\">\n<div class=\"cxm-video-block mc-column  content-media content-video\" data-block-type=\"backstage-video\" data-block-id=\"27\">\n<div class=\"content-media__container content-media__container--codex-fallback\">\n<div class=\"content-video__bigger-player-description-fixer\">\n<article class=\"content-video\">\n<section class=\"content-video__video-container\">\n<div class=\"content-video__video\">\n<div class=\"content-video__placeholder\" data-video-id=\"13998485\"><img decoding=\"async\" class=\"content-video__placeholder__thumb\" title=\"Jovem morto por intoxica\u00e7\u00e3o por metanol em Osasco consumiu bebida comprada em adega para churrasco em casa\" src=\"https:\/\/s02.video.glbimg.com\/x240\/13998485.jpg\" alt=\"Jovem morto por intoxica\u00e7\u00e3o por metanol em Osasco consumiu bebida comprada em adega para churrasco em casa\" \/><\/div>\n<\/div>\n<\/section>\n<\/article>\n<\/div>\n<div class=\"bs-block-video__container\">\n<p class=\"codex-caption codex-caption--small\">Jovem morto por intoxica\u00e7\u00e3o por metanol em Osasco consumiu bebida comprada em adega para churrasco em casa<\/p>\n<\/div>\n<\/div>\n<\/div>\n<\/div>\n<div id=\"chunk-5an93\">\n<div class=\"mc-column content-text active-extra-styles \" data-block-type=\"unstyled\" data-block-weight=\"43\" data-block-id=\"28\">\n<p class=\" content-text__container \" data-track-category=\"Link no Texto\" data-track-links=\"\" data-mrf-recirculation=\"Mat\u00e9ria - Links no Texto\">Como as primeiras horas s\u00e3o decisivas para salvar vidas, a Secretaria da Sa\u00fade de S\u00e3o Paulo orientou um protocolo padr\u00e3o para os pacientes que procuram as unidades de sa\u00fade com sintomas persistentes ou piora, ap\u00f3s consumo de bebidas destiladas. Entre os sintomas, est\u00e3o:<\/p>\n<\/div>\n<\/div>\n<div id=\"chunk-42ck3\">\n<div class=\"mc-column content-text active-extra-styles\" data-block-type=\"raw\" data-block-weight=\"13\" data-block-id=\"29\">\n<p class=\"content-text__container\" data-mrf-recirculation=\"Mat\u00e9ria - Links no Texto\">\n<ul class=\"content-unordered-list\">\n<li>Sonol\u00eancia<\/li>\n<li>Tontura<\/li>\n<li>Dor abdominal<\/li>\n<li>N\u00e1useas<\/li>\n<li>V\u00f4mitos<\/li>\n<li>Confus\u00e3o mental<\/li>\n<li>Taquicardia<\/li>\n<li>Vis\u00e3o turva<\/li>\n<li>Fotofobia<\/li>\n<li>Convuls\u00f5es<\/li>\n<\/ul>\n<p>&nbsp;<\/p>\n<\/div>\n<\/div>\n<div id=\"chunk-56unq\">\n<div class=\"mc-column content-text active-extra-styles\" data-block-type=\"raw\" data-block-weight=\"3\" data-block-id=\"30\">\n<p class=\"content-text__container\" data-mrf-recirculation=\"Mat\u00e9ria - Links no Texto\">\n<div class=\"content-intertitle\">\n<h2>Destrui\u00e7\u00e3o de garrafas<\/h2>\n<\/div>\n<p>&nbsp;<\/p>\n<\/div>\n<\/div>\n<div id=\"chunk-984vo\">\n<div class=\"mc-column content-text active-extra-styles \" data-block-type=\"unstyled\" data-block-weight=\"63\" data-block-id=\"31\">\n<p class=\" content-text__container \" data-track-category=\"Link no Texto\" data-track-links=\"\" data-mrf-recirculation=\"Mat\u00e9ria - Links no Texto\">Nesta quarta, a Pol\u00edcia Civil de S\u00e3o Paulo realizou a destrui\u00e7\u00e3o de mais de 100 mil garrafas apreendidas em um galp\u00e3o clandestino na zona leste da capital. O material, que somava cerca de 7 toneladas de vidro, foi encaminhado para uma empresa especializada em reciclagem ap\u00f3s autoriza\u00e7\u00e3o judicial. Na semana passada, outros 100 mil vasilhames apreendidos j\u00e1 tiveram a destrui\u00e7\u00e3o autorizada pela Justi\u00e7a.<\/p>\n<\/div>\n<\/div>\n<div id=\"chunk-1vdtu\">\n<div class=\"row medium-uncollapsed content-media content-photo\" data-block-type=\"backstage-photo\" data-block-id=\"33\">\n<div class=\" mc-column  content-media__container\">\n<div class=\"content-media-container glb-skeleton-box\">\n<figure class=\"content-media-figure\"><img decoding=\"async\" class=\"i-amphtml-fill-content i-amphtml-replaced-content\" src=\"https:\/\/s2-g1.glbimg.com\/lsM8hGowP7epluY4XSJbwsddkAg=\/0x0:1920x1080\/984x0\/smart\/filters:strip_icc()\/i.s3.glbimg.com\/v1\/AUTH_59edd422c0c84a879bd37670ae4f538a\/internal_photos\/bs\/2025\/H\/0\/Q5j3KvTIuBdFE7QPOEXQ\/globo-canal-5-20251008-1800-frame-274264.jpeg\" sizes=\"(max-width: 1366px) 648px, 100vw\" srcset=\"https:\/\/s2-g1.glbimg.com\/AUznL4Z3-qf6xiymID_q5y418ss=\/0x0:1920x1080\/1000x0\/smart\/filters:strip_icc()\/i.s3.glbimg.com\/v1\/AUTH_59edd422c0c84a879bd37670ae4f538a\/internal_photos\/bs\/2025\/H\/0\/Q5j3KvTIuBdFE7QPOEXQ\/globo-canal-5-20251008-1800-frame-274264.jpeg 1000w, https:\/\/s2-g1.glbimg.com\/lsM8hGowP7epluY4XSJbwsddkAg=\/0x0:1920x1080\/984x0\/smart\/filters:strip_icc()\/i.s3.glbimg.com\/v1\/AUTH_59edd422c0c84a879bd37670ae4f538a\/internal_photos\/bs\/2025\/H\/0\/Q5j3KvTIuBdFE7QPOEXQ\/globo-canal-5-20251008-1800-frame-274264.jpeg 984w, https:\/\/s2-g1.glbimg.com\/N62CB1AR4DMrI1v9PnF2fnNQFrM=\/0x0:1920x1080\/640x0\/smart\/filters:strip_icc()\/i.s3.glbimg.com\/v1\/AUTH_59edd422c0c84a879bd37670ae4f538a\/internal_photos\/bs\/2025\/H\/0\/Q5j3KvTIuBdFE7QPOEXQ\/globo-canal-5-20251008-1800-frame-274264.jpeg 640w, https:\/\/s2-g1.glbimg.com\/FraWN5KOhpZYwYJzt8o4V89zRx0=\/0x0:1920x1080\/600x0\/smart\/filters:strip_icc()\/i.s3.glbimg.com\/v1\/AUTH_59edd422c0c84a879bd37670ae4f538a\/internal_photos\/bs\/2025\/H\/0\/Q5j3KvTIuBdFE7QPOEXQ\/globo-canal-5-20251008-1800-frame-274264.jpeg 600w\" alt=\"Per\u00edcia de bebidas destiladas adulteradas descarta contamina\u00e7\u00e3o acidental e afirma que metanol foi adicionado de forma criminosa \u2014 Foto: Reprodu\u00e7\u00e3o\/TV Globo\" \/><\/figure>\n<\/div>\n<p class=\"content-media__description  \">Per\u00edcia de bebidas destiladas adulteradas descarta contamina\u00e7\u00e3o acidental e afirma que metanol foi adicionado de forma criminosa \u2014 Foto: Reprodu\u00e7\u00e3o\/TV Globo<\/p>\n<\/div>\n<\/div>\n<\/div>\n<div id=\"chunk-a0muc\">\n<div class=\"block-podcast\">\nFonte: G1<\/div>\n<\/div>\n<\/div>\n<\/article>\n<\/div>\n","protected":false},"excerpt":{"rendered":"<p>\u00c1reas nobres e concentra\u00e7\u00e3o na Zona Sul: mapa mostra casos confirmados de intoxica\u00e7\u00e3o por metanol em SP Dados da Prefeitura<\/p>\n","protected":false},"author":1,"featured_media":10277,"comment_status":"open","ping_status":"open","sticky":false,"template":"","format":"standard","meta":{"colormag_page_container_layout":"default_layout","colormag_page_sidebar_layout":"default_layout","footnotes":""},"categories":[3,17],"tags":[],"class_list":["post-10268","post","type-post","status-publish","format-standard","has-post-thumbnail","hentry","category-seu-bairro","category-zona-sul"],"_links":{"self":[{"href":"http:\/\/metropoleemfoco.com.br\/index.php?rest_route=\/wp\/v2\/posts\/10268","targetHints":{"allow":["GET"]}}],"collection":[{"href":"http:\/\/metropoleemfoco.com.br\/index.php?rest_route=\/wp\/v2\/posts"}],"about":[{"href":"http:\/\/metropoleemfoco.com.br\/index.php?rest_route=\/wp\/v2\/types\/post"}],"author":[{"embeddable":true,"href":"http:\/\/metropoleemfoco.com.br\/index.php?rest_route=\/wp\/v2\/users\/1"}],"replies":[{"embeddable":true,"href":"http:\/\/metropoleemfoco.com.br\/index.php?rest_route=%2Fwp%2Fv2%2Fcomments&post=10268"}],"version-history":[{"count":1,"href":"http:\/\/metropoleemfoco.com.br\/index.php?rest_route=\/wp\/v2\/posts\/10268\/revisions"}],"predecessor-version":[{"id":10278,"href":"http:\/\/metropoleemfoco.com.br\/index.php?rest_route=\/wp\/v2\/posts\/10268\/revisions\/10278"}],"wp:featuredmedia":[{"embeddable":true,"href":"http:\/\/metropoleemfoco.com.br\/index.php?rest_route=\/wp\/v2\/media\/10277"}],"wp:attachment":[{"href":"http:\/\/metropoleemfoco.com.br\/index.php?rest_route=%2Fwp%2Fv2%2Fmedia&parent=10268"}],"wp:term":[{"taxonomy":"category","embeddable":true,"href":"http:\/\/metropoleemfoco.com.br\/index.php?rest_route=%2Fwp%2Fv2%2Fcategories&post=10268"},{"taxonomy":"post_tag","embeddable":true,"href":"http:\/\/metropoleemfoco.com.br\/index.php?rest_route=%2Fwp%2Fv2%2Ftags&post=10268"}],"curies":[{"name":"wp","href":"https:\/\/api.w.org\/{rel}","templated":true}]}}