{"id":10267,"date":"2025-10-16T17:10:13","date_gmt":"2025-10-16T20:10:13","guid":{"rendered":"http:\/\/metropoleemfoco.com.br\/?p=10267"},"modified":"2025-10-16T17:10:13","modified_gmt":"2025-10-16T20:10:13","slug":"operacao-contra-quadrilha-ligada-a-mainha-do-crime","status":"publish","type":"post","link":"http:\/\/metropoleemfoco.com.br\/?p=10267","title":{"rendered":"Opera\u00e7\u00e3o contra quadrilha ligada \u00e0 &#8216;mainha do crime&#8217;"},"content":{"rendered":"<div class=\"mc-article-header\">\n<div class=\"row content-head mc-column non-featured \">\n<div class=\"title\" data-block-type=\"title\" data-block-id=\"0\">\n<div class=\"mc-article-header\">\n<div class=\"row content-head mc-column non-featured \">\n<div class=\"title\" data-block-type=\"title\" data-block-id=\"0\">\n<h1 class=\"content-head__title\">Opera\u00e7\u00e3o contra quadrilha ligada \u00e0 &#8216;mainha do crime&#8217; prende 11 e deixa um morto em Parais\u00f3polis, Zona Sul de SP<\/h1>\n<\/div>\n<div class=\"medium-centered subtitle\">\n<h2 class=\"content-head__subtitle\">Opera\u00e7\u00e3o cumpre 36 mandados de pris\u00e3o e 42 de buscas e apreens\u00e3o autorizados pela Justi\u00e7a e conta com a participa\u00e7\u00e3o de mais de 170 policiais civis da cidade.<\/h2>\n<\/div>\n<\/div>\n<div><\/div>\n<div class=\"content__signa-share mc-column\">\n<div class=\"content__signature\">\n<div class=\"content-publication-data\">\n<div class=\"content-publication-data__text\">\n<p class=\"content-publication-data__from\" title=\"Patr\u00edcia Marques, Bruno Tavares\">Por\u00a0<a class=\"multi_signatures\" href=\"https:\/\/g1.globo.com\/autores\/patricia-marques\/\">Patr\u00edcia Marques<\/a>, Bruno Tavares, TV Globo\u00a0\u2014 S\u00e3o Paulo<\/p>\n<\/div>\n<\/div>\n<\/div>\n<\/div>\n<\/div>\n<div class=\"mc-article-body\">\n<article>\n<div id=\"chunk-bineq\">\n<div class=\"cxm-video-block mc-column  content-media content-video\" data-block-type=\"backstage-video\" data-block-id=\"2\">\n<div class=\"content-media__container content-media__container--codex-fallback\">\n<div class=\"content-video__bigger-player-description-fixer\">\n<article class=\"content-video\">\n<section class=\"content-video__video-container\">\n<div class=\"content-video__video\">\n<div class=\"content-video__placeholder\" data-video-id=\"14016550\"><img decoding=\"async\" class=\"content-video__placeholder__thumb\" title=\"Opera\u00e7\u00e3o da policia civil de SP mira quadrilha que rouba e faz recepta\u00e7\u00e3o de objetos\" src=\"https:\/\/s03.video.glbimg.com\/x240\/14016550.jpg\" alt=\"Opera\u00e7\u00e3o da policia civil de SP mira quadrilha que rouba e faz recepta\u00e7\u00e3o de objetos\" \/><\/div>\n<\/div>\n<\/section>\n<\/article>\n<\/div>\n<div class=\"bs-block-video__container\">\n<p class=\"codex-caption codex-caption--small\">Opera\u00e7\u00e3o da policia civil de SP mira quadrilha que rouba e faz recepta\u00e7\u00e3o de objeto<\/p>\n<\/div>\n<\/div>\n<\/div>\n<\/div>\n<div id=\"chunk-dl69m\">\n<div class=\"mc-column content-text active-extra-styles \" data-block-type=\"unstyled\" data-block-weight=\"41\" data-block-id=\"3\">\n<p class=\" content-text__container \" data-track-category=\"Link no Texto\" data-track-links=\"\" data-mrf-recirculation=\"Mat\u00e9ria - Links no Texto\">Uma opera\u00e7\u00e3o policial contra uma quadrilha especializada em roubos na cidade de\u00a0<a class=\"\" href=\"https:\/\/g1.globo.com\/sp\/sao-paulo\/cidade\/sao-paulo\/\" data-mrf-link=\"https:\/\/g1.globo.com\/sp\/sao-paulo\/cidade\/sao-paulo\/\">S\u00e3o Paulo<\/a>\u00a0e ligada a uma\u00a0<a class=\"\" href=\"https:\/\/g1.globo.com\/sp\/sao-paulo\/noticia\/2025\/02\/18\/policia-prende-mulher-conhecida-como-mainha-do-crime-apontada-como-chefe-de-quadrilha-que-pratica-crimes-no-itaim-bibi-em-sp.ghtml\" data-mrf-link=\"https:\/\/g1.globo.com\/sp\/sao-paulo\/noticia\/2025\/02\/18\/policia-prende-mulher-conhecida-como-mainha-do-crime-apontada-como-chefe-de-quadrilha-que-pratica-crimes-no-itaim-bibi-em-sp.ghtml\">mulher conhecida como a &#8220;Mainha do crime&#8221;<\/a>\u00a0<strong>prendeu 11 pessoas<\/strong>\u00a0e\u00a0<strong>deixou um morto<\/strong>\u00a0na comunidade de Parais\u00f3polis, na Zona Sul da capital.<\/p>\n<\/div>\n<\/div>\n<div class=\"wall protected-content\">\n<div id=\"chunk-6dkpv\">\n<div class=\"mc-column content-text active-extra-styles \" data-block-type=\"unstyled\" data-block-weight=\"17\" data-block-id=\"5\">\n<p class=\" content-text__container \" data-track-category=\"Link no Texto\" data-track-links=\"\" data-mrf-recirculation=\"Mat\u00e9ria - Links no Texto\">Quatro criminosos que tamb\u00e9m foram alvo de mandado de pris\u00e3o j\u00e1 estavam na cadeia por outros crimes.<\/p>\n<\/div>\n<\/div>\n<div id=\"chunk-fng16\">\n<div class=\"mc-column content-text active-extra-styles \" data-block-type=\"unstyled\" data-block-weight=\"33\" data-block-id=\"6\">\n<p class=\" content-text__container \" data-track-category=\"Link no Texto\" data-track-links=\"\" data-mrf-recirculation=\"Mat\u00e9ria - Links no Texto\">No total, 36 mandados de pris\u00e3o e 42 de buscas e apreens\u00e3o tinham sido autorizados pela Justi\u00e7a acusados de roubar ou revender objetos roubados como celulares, laptops, objetos de ouro e at\u00e9 motos.<\/p>\n<\/div>\n<\/div>\n<div id=\"chunk-4eb8q\">\n<div class=\"mc-column content-text active-extra-styles \" data-block-type=\"unstyled\" data-block-weight=\"56\" data-block-id=\"7\">\n<p class=\" content-text__container \" data-track-category=\"Link no Texto\" data-track-links=\"\" data-mrf-recirculation=\"Mat\u00e9ria - Links no Texto\">Presa em fevereiro,\u00a0<a class=\"\" href=\"https:\/\/g1.globo.com\/sp\/sao-paulo\/noticia\/2025\/02\/18\/policia-prende-mulher-conhecida-como-mainha-do-crime-apontada-como-chefe-de-quadrilha-que-pratica-crimes-no-itaim-bibi-em-sp.ghtml\" data-mrf-link=\"https:\/\/g1.globo.com\/sp\/sao-paulo\/noticia\/2025\/02\/18\/policia-prende-mulher-conhecida-como-mainha-do-crime-apontada-como-chefe-de-quadrilha-que-pratica-crimes-no-itaim-bibi-em-sp.ghtml\">Suedna Barbosa Carneiro, a &#8220;Mainha do crime&#8221; ou &#8220;Mainha de Parais\u00f3polis<\/a>, j\u00e1 foi condenada por\u00a0<a class=\"\" href=\"https:\/\/g1.globo.com\/sp\/sao-paulo\/noticia\/2025\/02\/18\/mainha-do-crime-ja-foi-condenada-por-manter-bunker-com-aluguel-de-armas-e-compra-de-produtos-roubados.ghtml\" data-mrf-link=\"https:\/\/g1.globo.com\/sp\/sao-paulo\/noticia\/2025\/02\/18\/mainha-do-crime-ja-foi-condenada-por-manter-bunker-com-aluguel-de-armas-e-compra-de-produtos-roubados.ghtml\">manter um &#8220;bunker&#8221; com armas para serem alugadas a criminosos e tamb\u00e9m pela compra de produtos roubados.<\/a> Com ela foi encontrada uma lista de pre\u00e7os que especificava, por exemplo, quanto custava um celular com ou sem senha desbloqueada.<\/p>\n<\/div>\n<\/div>\n<div id=\"chunk-at62g\">\n<div class=\"mc-column content-text active-extra-styles \" data-block-type=\"unstyled\" data-block-weight=\"35\" data-block-id=\"9\">\n<p class=\" content-text__container \" data-track-category=\"Link no Texto\" data-track-links=\"\" data-mrf-recirculation=\"Mat\u00e9ria - Links no Texto\">Segundo a pol\u00edcia, ela que comandou os criminosos que mataram o\u00a0<a class=\"\" href=\"https:\/\/g1.globo.com\/sp\/sao-paulo\/noticia\/2025\/05\/19\/juiz-torna-reus-acusados-por-latrocinio-contra-ciclista-vitor-medrado-mataram-a-vitima-como-quem-espreme-uma-formiga.ghtml\" data-mrf-link=\"https:\/\/g1.globo.com\/sp\/sao-paulo\/noticia\/2025\/05\/19\/juiz-torna-reus-acusados-por-latrocinio-contra-ciclista-vitor-medrado-mataram-a-vitima-como-quem-espreme-uma-formiga.ghtml\">ciclista Vitor Medrado, de 46 anos, durante um assalto na frente do Parque do Povo<\/a>, no Itaim. O caso gerou grande repercuss\u00e3o \u00e0 \u00e9poca.<\/p>\n<\/div>\n<\/div>\n<div id=\"chunk-8ege0\">\n<div class=\"mc-column content-text active-extra-styles \" data-block-type=\"unstyled\" data-block-weight=\"55\" data-block-id=\"10\">\n<p class=\" content-text__container \" data-track-category=\"Link no Texto\" data-track-links=\"\" data-mrf-recirculation=\"Mat\u00e9ria - Links no Texto\">O investigado morto nesta quinta era Guilherme Heisenberg da Silva Nogueira, conhecido como Bronx. Segundo a pol\u00edcia, ele foi baleado ap\u00f3s reagir \u00e0 ordem de pris\u00e3o e atirar em um policial. Ele tamb\u00e9m integraria o esquema da &#8220;mainha do crime&#8221; e tinha envolvimentos em outros crimes patrimoniais como roubo de moto, celular e joias.<\/p>\n<\/div>\n<\/div>\n<div id=\"chunk-d0t3p\">\n<div class=\"row medium-uncollapsed content-media content-photo\" data-block-type=\"backstage-photo\" data-block-id=\"11\">\n<div class=\" mc-column  content-media__container\">\n<div class=\"content-media-container glb-skeleton-box\">\n<figure class=\"content-media-figure\"><img decoding=\"async\" class=\"i-amphtml-fill-content i-amphtml-replaced-content\" src=\"https:\/\/s2-g1.glbimg.com\/QQXB6_MTu5LGILt5twtyMYRbE2s=\/0x0:1200x670\/984x0\/smart\/filters:strip_icc()\/i.s3.glbimg.com\/v1\/AUTH_59edd422c0c84a879bd37670ae4f538a\/internal_photos\/bs\/2025\/2\/T\/zG3Iq8RfSnN2pjuBs3Qw\/paraisopolis.jpg\" sizes=\"(max-width: 1366px) 648px, 100vw\" srcset=\"https:\/\/s2-g1.glbimg.com\/dkj6bPwLfMIGIF76mSCwVnz2Uwo=\/0x0:1200x670\/1000x0\/smart\/filters:strip_icc()\/i.s3.glbimg.com\/v1\/AUTH_59edd422c0c84a879bd37670ae4f538a\/internal_photos\/bs\/2025\/2\/T\/zG3Iq8RfSnN2pjuBs3Qw\/paraisopolis.jpg 1000w, https:\/\/s2-g1.glbimg.com\/QQXB6_MTu5LGILt5twtyMYRbE2s=\/0x0:1200x670\/984x0\/smart\/filters:strip_icc()\/i.s3.glbimg.com\/v1\/AUTH_59edd422c0c84a879bd37670ae4f538a\/internal_photos\/bs\/2025\/2\/T\/zG3Iq8RfSnN2pjuBs3Qw\/paraisopolis.jpg 984w, https:\/\/s2-g1.glbimg.com\/FB0ap5Pyz6K848ZhIdISsuV5GGw=\/0x0:1200x670\/640x0\/smart\/filters:strip_icc()\/i.s3.glbimg.com\/v1\/AUTH_59edd422c0c84a879bd37670ae4f538a\/internal_photos\/bs\/2025\/2\/T\/zG3Iq8RfSnN2pjuBs3Qw\/paraisopolis.jpg 640w, https:\/\/s2-g1.glbimg.com\/giOO5Suz7OjQGCs-9LSIHKyqIy0=\/0x0:1200x670\/600x0\/smart\/filters:strip_icc()\/i.s3.glbimg.com\/v1\/AUTH_59edd422c0c84a879bd37670ae4f538a\/internal_photos\/bs\/2025\/2\/T\/zG3Iq8RfSnN2pjuBs3Qw\/paraisopolis.jpg 600w\" alt=\"Pol\u00edcia faz opera\u00e7\u00e3o em Parais\u00f3polis \u2014 Foto: Reprodu\u00e7\u00e3o\/TV Globo\" \/><\/figure>\n<\/div>\n<p class=\"content-media__description  \">Pol\u00edcia faz opera\u00e7\u00e3o em Parais\u00f3polis \u2014 Foto: Reprodu\u00e7\u00e3o\/TV Globo<\/p>\n<\/div>\n<\/div>\n<\/div>\n<div id=\"chunk-essgp\">\n<div class=\"mc-column content-text active-extra-styles\" data-block-type=\"raw\" data-block-weight=\"3\" data-block-id=\"12\">\n<p class=\"content-text__container\" data-mrf-recirculation=\"Mat\u00e9ria - Links no Texto\">\n<div class=\"content-intertitle\">\n<h2><strong>Roubo de alian\u00e7as<\/strong><\/h2>\n<\/div>\n<p>&nbsp;<\/p>\n<\/div>\n<\/div>\n<div id=\"chunk-e1jgd\">\n<div class=\"cxm-video-block mc-column  content-media content-video\" data-block-type=\"backstage-video\" data-block-id=\"13\">\n<div class=\"content-media__container content-media__container--codex-fallback\">\n<div class=\"content-video__bigger-player-description-fixer\">\n<article class=\"content-video\">\n<section class=\"content-video__video-container\">\n<div class=\"content-video__video\">\n<div class=\"content-video__placeholder\" data-video-id=\"13608980\"><img decoding=\"async\" class=\"content-video__placeholder__thumb\" title=\"Pol\u00edcia investiga a rota do ouro roubado em S\u00e3o Paulo.\" src=\"https:\/\/s01.video.glbimg.com\/x240\/13608980.jpg\" alt=\"Pol\u00edcia investiga a rota do ouro roubado em S\u00e3o Paulo.\" \/><\/div>\n<\/div>\n<\/section>\n<\/article>\n<\/div>\n<div class=\"bs-block-video__container\">\n<p class=\"codex-caption codex-caption--small\">Pol\u00edcia investiga a rota do ouro roubado em S\u00e3o Paulo.<\/p>\n<\/div>\n<\/div>\n<\/div>\n<\/div>\n<div id=\"chunk-e3hou\">\n<div class=\"mc-column content-text active-extra-styles \" data-block-type=\"unstyled\" data-block-weight=\"43\" data-block-id=\"15\">\n<p class=\" content-text__container \" data-track-category=\"Link no Texto\" data-track-links=\"\" data-mrf-recirculation=\"Mat\u00e9ria - Links no Texto\">Conforme o\u00a0<a class=\"\" href=\"https:\/\/g1.globo.com\/sp\/sao-paulo\/noticia\/2025\/10\/06\/cidade-de-sp-tem-uma-alianca-roubada-a-cada-2-horas-entre-janeiro-e-agosto.ghtml\" data-mrf-link=\"https:\/\/g1.globo.com\/sp\/sao-paulo\/noticia\/2025\/10\/06\/cidade-de-sp-tem-uma-alianca-roubada-a-cada-2-horas-entre-janeiro-e-agosto.ghtml\"><strong>g1<\/strong><\/a><strong>\u00a0<\/strong>publicou em outubro, a\u00a0<a class=\"\" href=\"https:\/\/g1.globo.com\/sp\/sao-paulo\/noticia\/2025\/10\/06\/cidade-de-sp-tem-uma-alianca-roubada-a-cada-2-horas-entre-janeiro-e-agosto.ghtml\" data-mrf-link=\"https:\/\/g1.globo.com\/sp\/sao-paulo\/noticia\/2025\/10\/06\/cidade-de-sp-tem-uma-alianca-roubada-a-cada-2-horas-entre-janeiro-e-agosto.ghtml\">cidade de S\u00e3o Paulo registrou uma alian\u00e7a roubada a cada duas horas entre janeiro e agosto deste ano<\/a>, segundo o levantamento da TV Globo com dados do portal da transpar\u00eancia da Secretaria da Seguran\u00e7a P\u00fablica (SSP).<\/p>\n<\/div>\n<\/div>\n<div id=\"chunk-7jkp6\">\n<div class=\"mc-column content-text active-extra-styles \" data-block-type=\"unstyled\" data-block-weight=\"22\" data-block-id=\"16\">\n<p class=\" content-text__container \" data-track-category=\"Link no Texto\" data-track-links=\"\" data-mrf-recirculation=\"Mat\u00e9ria - Links no Texto\">Foram 2.847 roubos desse tipo em 2025 \u2014 contra 1.646 no mesmo per\u00edodo do ano passado. Isto \u00e9, um aumento de 72,9%.<\/p>\n<\/div>\n<\/div>\n<div id=\"chunk-c0ess\">\n<div class=\"mc-column content-text active-extra-styles \" data-block-type=\"unstyled\" data-block-weight=\"15\" data-block-id=\"17\">\n<p class=\" content-text__container \" data-track-category=\"Link no Texto\" data-track-links=\"\" data-mrf-recirculation=\"Mat\u00e9ria - Links no Texto\">A maioria das ocorr\u00eancias acontece durante o dia. Veja a distribui\u00e7\u00e3o dos casos por per\u00edodo:<\/p>\n<\/div>\n<\/div>\n<div id=\"chunk-f6co6\">\n<div class=\"mc-column content-text active-extra-styles\" data-block-type=\"raw\" data-block-weight=\"8\" data-block-id=\"18\">\n<p class=\"content-text__container\" data-mrf-recirculation=\"Mat\u00e9ria - Links no Texto\">\n<ul class=\"content-unordered-list\">\n<li><strong>Manh\u00e3:<\/strong>\u00a01.059<\/li>\n<li><strong>Tarde:<\/strong>\u00a0941<\/li>\n<li><strong>Noite:<\/strong>\u00a0681<\/li>\n<li><strong>Madrugada:\u00a0<\/strong>166<\/li>\n<\/ul>\n<p>&nbsp;<\/p>\n<\/div>\n<\/div>\n<div id=\"chunk-3nq4k\">\n<div class=\"mc-column content-text active-extra-styles \" data-block-type=\"unstyled\" data-block-weight=\"22\" data-block-id=\"19\">\n<p class=\" content-text__container \" data-track-category=\"Link no Texto\" data-track-links=\"\" data-mrf-recirculation=\"Mat\u00e9ria - Links no Texto\">Na Vila Romana, bairro de perfil residencial na Zona Oeste da cidade, o aumento dos roubos tem mudado a rotina dos moradores.<\/p>\n<\/div>\n<\/div>\n<div id=\"chunk-ek1fd\">\n<div class=\"cxm-video-block mc-column  content-media content-video\" data-block-type=\"backstage-video\" data-block-id=\"20\">\n<div class=\"content-media__container content-media__container--codex-fallback\">\n<div class=\"content-video__bigger-player-description-fixer\">\n<article class=\"content-video\">\n<section class=\"content-video__video-container\">\n<div class=\"content-video__video\">\n<div class=\"content-video__placeholder\" data-video-id=\"13989467\"><img decoding=\"async\" class=\"content-video__placeholder__thumb\" title=\"Uma alian\u00e7a \u00e9 roubada a cada duas horas em SP\" src=\"https:\/\/s04.video.glbimg.com\/x240\/13989467.jpg\" alt=\"Uma alian\u00e7a \u00e9 roubada a cada duas horas em SP\" \/><\/div>\n<\/div>\n<\/section>\n<\/article>\n<\/div>\n<div class=\"bs-block-video__container\">\n<p class=\"codex-caption codex-caption--small\">Uma alian\u00e7a \u00e9 roubada a cada duas horas em SP<\/p>\n<p>Fonte: G1<\/p>\n<\/div>\n<\/div>\n<\/div>\n<\/div>\n<\/div>\n<\/article>\n<\/div>\n<\/div>\n<\/div>\n<\/div>\n","protected":false},"excerpt":{"rendered":"<p>Opera\u00e7\u00e3o contra quadrilha ligada \u00e0 &#8216;mainha do crime&#8217; prende 11 e deixa um morto em Parais\u00f3polis, Zona Sul de SP<\/p>\n","protected":false},"author":1,"featured_media":10275,"comment_status":"open","ping_status":"open","sticky":false,"template":"","format":"standard","meta":{"colormag_page_container_layout":"default_layout","colormag_page_sidebar_layout":"default_layout","footnotes":""},"categories":[1],"tags":[],"class_list":["post-10267","post","type-post","status-publish","format-standard","has-post-thumbnail","hentry","category-geral"],"_links":{"self":[{"href":"http:\/\/metropoleemfoco.com.br\/index.php?rest_route=\/wp\/v2\/posts\/10267","targetHints":{"allow":["GET"]}}],"collection":[{"href":"http:\/\/metropoleemfoco.com.br\/index.php?rest_route=\/wp\/v2\/posts"}],"about":[{"href":"http:\/\/metropoleemfoco.com.br\/index.php?rest_route=\/wp\/v2\/types\/post"}],"author":[{"embeddable":true,"href":"http:\/\/metropoleemfoco.com.br\/index.php?rest_route=\/wp\/v2\/users\/1"}],"replies":[{"embeddable":true,"href":"http:\/\/metropoleemfoco.com.br\/index.php?rest_route=%2Fwp%2Fv2%2Fcomments&post=10267"}],"version-history":[{"count":1,"href":"http:\/\/metropoleemfoco.com.br\/index.php?rest_route=\/wp\/v2\/posts\/10267\/revisions"}],"predecessor-version":[{"id":10276,"href":"http:\/\/metropoleemfoco.com.br\/index.php?rest_route=\/wp\/v2\/posts\/10267\/revisions\/10276"}],"wp:featuredmedia":[{"embeddable":true,"href":"http:\/\/metropoleemfoco.com.br\/index.php?rest_route=\/wp\/v2\/media\/10275"}],"wp:attachment":[{"href":"http:\/\/metropoleemfoco.com.br\/index.php?rest_route=%2Fwp%2Fv2%2Fmedia&parent=10267"}],"wp:term":[{"taxonomy":"category","embeddable":true,"href":"http:\/\/metropoleemfoco.com.br\/index.php?rest_route=%2Fwp%2Fv2%2Fcategories&post=10267"},{"taxonomy":"post_tag","embeddable":true,"href":"http:\/\/metropoleemfoco.com.br\/index.php?rest_route=%2Fwp%2Fv2%2Ftags&post=10267"}],"curies":[{"name":"wp","href":"https:\/\/api.w.org\/{rel}","templated":true}]}}