{"id":10248,"date":"2025-10-15T13:14:13","date_gmt":"2025-10-15T16:14:13","guid":{"rendered":"https:\/\/metropoleemfoco.com.br\/?p=10248"},"modified":"2025-10-15T13:14:13","modified_gmt":"2025-10-15T16:14:13","slug":"palmeiras-afasta-time-sub-17-por-questoes-disciplinares-e-jogara-paulista-da-categoria-com-sub-16","status":"publish","type":"post","link":"http:\/\/metropoleemfoco.com.br\/?p=10248","title":{"rendered":"Palmeiras afasta time sub-17 por quest\u00f5es disciplinares e jogar\u00e1 Paulista da categoria com sub-16"},"content":{"rendered":"<div class=\"row content-head non-featured \">\n<div class=\"title\" data-block-type=\"title\" data-block-id=\"0\">\n<h1 class=\"content-head__title\">Palmeiras afasta time sub-17 por quest\u00f5es disciplinares e jogar\u00e1 Paulista da categoria com sub-16<\/h1>\n<\/div>\n<div class=\"medium-centered subtitle\">\n<h2 class=\"content-head__subtitle\">Equipe seguir\u00e1 treinando para outras competi\u00e7\u00f5es, mas fica fora do Estadual pelo Alviverde, que muda tamb\u00e9m comiss\u00e3o t\u00e9cnica e staff, al\u00e9m dos atletas<\/h2>\n<\/div>\n<\/div>\n<div><\/div>\n<div class=\"content__signa-share\">\n<div class=\"content__signature\">\n<div class=\"content-publication-data\">\n<div class=\"content-publication-data__text\">\n<p class=\"content-publication-data__from\" title=\"Camila Alves\">Por Camila Alves\u00a0\u2014 S\u00e3o Paulo<\/p>\n<\/div>\n<\/div>\n<\/div>\n<div class=\"content__share-bar content__share-bar--cloned\" data-position=\"upper\"><\/div>\n<\/div>\n<hr class=\"content__divider \" \/>\n<div class=\"summary-section\"><\/div>\n<div class=\"mc-article-body\">\n<article>\n<div id=\"chunk-5236t\">\n<div class=\"cxm-video-block mc-column  content-media content-video\" data-block-type=\"backstage-video\" data-block-id=\"1\">\n<div class=\"content-media__container\">\n<div class=\"content-video__bigger-player-description-fixer\">\n<article class=\"content-video\">\n<section class=\"content-video__video-container\">\n<div class=\"content-video__video\">\n<div class=\"content-video__placeholder\" data-video-id=\"13012200\"><img decoding=\"async\" class=\"content-video__placeholder__thumb\" title=\"Conhe\u00e7a o CT da base do Palmeiras, maior formador de joias milion\u00e1rias no Brasil\" src=\"https:\/\/s01.video.glbimg.com\/x240\/13012200.jpg\" alt=\"Conhe\u00e7a o CT da base do Palmeiras, maior formador de joias milion\u00e1rias no Brasil\" \/><\/div>\n<\/div>\n<\/section>\n<\/article>\n<\/div>\n<div class=\"bs-block-video__container\">\n<p class=\"codex-caption codex-caption--small\">Conhe\u00e7a o CT da base do Palmeiras, maior formador de joias milion\u00e1rias no Brasil<\/p>\n<\/div>\n<\/div>\n<\/div>\n<\/div>\n<div id=\"chunk-ej9cm\">\n<div class=\"mc-column mc-side-item__container\" data-block-type=\"ads\" data-block-id=\"2\">\n<div class=\"mc-side-item mc-side-item--right content-ads content-ads--side-ad\">\n<div id=\"banner_materia1\">\n<div id=\"google_ads_iframe_\/95377733\/tvg_GE\/Futebol\/Times\/Palmeiras_3__container__\"><\/div>\n<\/div>\n<\/div>\n<\/div>\n<\/div>\n<div id=\"chunk-e85rp\">\n<div class=\"mc-column content-text active-extra-styles \" data-block-type=\"unstyled\" data-block-weight=\"28\" data-block-id=\"3\">\n<p class=\" content-text__container \" data-track-category=\"Link no Texto\" data-track-links=\"\" data-mrf-recirculation=\"Artigo - Link no Texto\">O\u00a0<a class=\"\" href=\"https:\/\/globoesporte.globo.com\/futebol\/times\/palmeiras\/\" data-mrf-link=\"https:\/\/globoesporte.globo.com\/futebol\/times\/palmeiras\/\">Palmeiras<\/a>\u00a0afastou sua equipe sub-17 do Campeonato Paulista da categoria e disputar\u00e1 o restante da competi\u00e7\u00e3o com o time sub-16, incluindo atletas, comiss\u00e3o t\u00e9cnica e staff.<\/p>\n<\/div>\n<\/div>\n<div class=\"wall protected-content\">\n<div id=\"chunk-ath2d\">\n<div class=\"mc-column content-text active-extra-styles \" data-block-type=\"unstyled\" data-block-weight=\"42\" data-block-id=\"4\">\n<p class=\" content-text__container \" data-track-category=\"Link no Texto\" data-track-links=\"\" data-mrf-recirculation=\"Artigo - Link no Texto\">A decis\u00e3o, nos bastidores, aconteceu por motivo de quest\u00f5es disciplinares envolvendo alguns jogadores do sub-17. O clube optou por n\u00e3o divulgar detalhes sobre o que ocorreu, mas o t\u00e9cnico Artur Itiro diz que n\u00e3o houve ato de indisciplina (leia a nota abaixo).<\/p>\n<\/div>\n<\/div>\n<div id=\"chunk-kmlo\">\n<div class=\"mc-column content-text active-extra-styles \" data-block-type=\"unstyled\" data-block-weight=\"35\" data-block-id=\"5\">\n<p class=\" content-text__container \" data-track-category=\"Link no Texto\" data-track-links=\"\" data-mrf-recirculation=\"Artigo - Link no Texto\">N\u00e3o houve demiss\u00f5es, por\u00e9m, e a decis\u00e3o n\u00e3o afeta os planos do profissional, que chegou a utilizar um atleta da categoria na \u00faltima partida, contra o Juventude, por exemplo, no caso de Luis Pacheco.<\/p>\n<\/div>\n<\/div>\n<div id=\"chunk-3toef\">\n<div class=\"mc-column content-text active-extra-styles \" data-block-type=\"unstyled\" data-block-weight=\"38\" data-block-id=\"8\">\n<p class=\" content-text__container \" data-track-category=\"Link no Texto\" data-track-links=\"\" data-mrf-recirculation=\"Artigo - Link no Texto\">O\u00a0<a class=\"\" href=\"https:\/\/globoesporte.globo.com\/futebol\/times\/palmeiras\/\" data-mrf-link=\"https:\/\/globoesporte.globo.com\/futebol\/times\/palmeiras\/\">Palmeiras<\/a>\u00a0confirmou a decis\u00e3o de utilizar a equipe sub-16 at\u00e9 o fim do Paulist\u00e3o sub-17. O clube refor\u00e7a ainda entender que nas categorias de base, mais importante que os resultados, est\u00e1 a forma\u00e7\u00e3o dos jovens jogadores.<\/p>\n<\/div>\n<\/div>\n<div id=\"chunk-8p7hn\">\n<div class=\"row medium-uncollapsed content-media content-photo\" data-block-type=\"backstage-photo\" data-block-id=\"9\">\n<div class=\" mc-column  content-media__container\">\n<div class=\"content-media-container glb-skeleton-box\">\n<figure class=\"content-media-figure\"><img decoding=\"async\" class=\"i-amphtml-fill-content i-amphtml-replaced-content\" src=\"https:\/\/s2-ge.glbimg.com\/HLTmSXOTAHLSvr3zSF-g7-HAMxA=\/0x0:1280x720\/984x0\/smart\/filters:strip_icc()\/i.s3.glbimg.com\/v1\/AUTH_bc8228b6673f488aa253bbcb03c80ec5\/internal_photos\/bs\/2025\/J\/S\/Af0WT7SkeXLdi8mMt3Zw\/photo-2025-10-14-15-42-38.jpg\" sizes=\"(max-width: 1366px) 648px, 100vw\" srcset=\"https:\/\/s2-ge.glbimg.com\/KYJb8mp18rcBN4kRVcW2c_VpGps=\/0x0:1280x720\/1000x0\/smart\/filters:strip_icc()\/i.s3.glbimg.com\/v1\/AUTH_bc8228b6673f488aa253bbcb03c80ec5\/internal_photos\/bs\/2025\/J\/S\/Af0WT7SkeXLdi8mMt3Zw\/photo-2025-10-14-15-42-38.jpg 1000w, https:\/\/s2-ge.glbimg.com\/HLTmSXOTAHLSvr3zSF-g7-HAMxA=\/0x0:1280x720\/984x0\/smart\/filters:strip_icc()\/i.s3.glbimg.com\/v1\/AUTH_bc8228b6673f488aa253bbcb03c80ec5\/internal_photos\/bs\/2025\/J\/S\/Af0WT7SkeXLdi8mMt3Zw\/photo-2025-10-14-15-42-38.jpg 984w, https:\/\/s2-ge.glbimg.com\/HyI904WGeZICHlqq88R9MttKm7M=\/0x0:1280x720\/640x0\/smart\/filters:strip_icc()\/i.s3.glbimg.com\/v1\/AUTH_bc8228b6673f488aa253bbcb03c80ec5\/internal_photos\/bs\/2025\/J\/S\/Af0WT7SkeXLdi8mMt3Zw\/photo-2025-10-14-15-42-38.jpg 640w, https:\/\/s2-ge.glbimg.com\/189RI_RdL_S-dD3eh683n5Fr7bg=\/0x0:1280x720\/600x0\/smart\/filters:strip_icc()\/i.s3.glbimg.com\/v1\/AUTH_bc8228b6673f488aa253bbcb03c80ec5\/internal_photos\/bs\/2025\/J\/S\/Af0WT7SkeXLdi8mMt3Zw\/photo-2025-10-14-15-42-38.jpg 600w\" alt=\"Time sub-17 do Palmeiras em campo em 2025 \u2014 Foto: Fabio Menotti \/ Palmeiras\" \/><\/figure>\n<\/div>\n<p class=\"content-media__description  \">Time sub-17 do Palmeiras em campo em 2025 \u2014 Foto: Fabio Menotti \/ Palmeiras<\/p>\n<\/div>\n<\/div>\n<\/div>\n<div id=\"chunk-80ss3\">\n<div class=\"mc-column content-text active-extra-styles \" data-block-type=\"unstyled\" data-block-weight=\"23\" data-block-id=\"10\">\n<p class=\" content-text__container \" data-track-category=\"Link no Texto\" data-track-links=\"\" data-mrf-recirculation=\"Artigo - Link no Texto\">\n<\/div>\n<\/div>\n<div id=\"chunk-fv5k6\">\n<div class=\"mc-column content-text active-extra-styles \" data-block-type=\"unstyled\" data-block-weight=\"29\" data-block-id=\"11\">\n<p class=\" content-text__container \" data-track-category=\"Link no Texto\" data-track-links=\"\" data-mrf-recirculation=\"Artigo - Link no Texto\">Esse time sub-17 permanecer\u00e1 treinando para outros torneios na temporada e disputa ainda em 2025, por exemplo, a 3\u00aa Super Copa Capital, em Bras\u00edlia, no in\u00edcio de dezembro.<\/p>\n<\/div>\n<\/div>\n<div id=\"chunk-a454f\">\n<div class=\"mc-column content-text active-extra-styles \" data-block-type=\"unstyled\" data-block-weight=\"47\" data-block-id=\"12\">\n<p class=\" content-text__container \" data-track-category=\"Link no Texto\" data-track-links=\"\" data-mrf-recirculation=\"Artigo - Link no Texto\">\u00c9 uma gera\u00e7\u00e3o, ali\u00e1s, que tem encantado na temporada, avan\u00e7ou at\u00e9 a semifinal no Brasileiro e tamb\u00e9m no Mundial da categoria, caindo para o Barcelona nos p\u00eanaltis ap\u00f3s o empate por 2 a 2 no tempo normal. \u00c9 uma equipe majoritariamente renovada em rela\u00e7\u00e3o ao ano passado.<\/p>\n<\/div>\n<\/div>\n<div id=\"chunk-84cjp\">\n<div class=\"content-ads content-ads--reveal\" data-block-type=\"ads\" data-block-id=\"13\">\n<div id=\"banner_materia__8211cd89-fbf5-49d3-b826-82a67926d52b\">\n<div id=\"google_ads_iframe_\/95377733\/tvg_GE\/Futebol\/Times\/Palmeiras_5__container__\"><\/div>\n<\/div>\n<\/div>\n<\/div>\n<div id=\"chunk-6r1rt\">\n<div class=\"mc-column content-text active-extra-styles \" data-block-type=\"unstyled\" data-block-weight=\"52\" data-block-id=\"14\">\n<p class=\" content-text__container \" data-track-category=\"Link no Texto\" data-track-links=\"\" data-mrf-recirculation=\"Artigo - Link no Texto\">O Paulist\u00e3o, por sua vez, encerrou sua quarta fase no fim de semana, com o\u00a0<a class=\"\" href=\"https:\/\/globoesporte.globo.com\/futebol\/times\/palmeiras\/\" data-mrf-link=\"https:\/\/globoesporte.globo.com\/futebol\/times\/palmeiras\/\">Palmeiras<\/a>\u00a0vencendo o Brasilis FC por 6 a 0, e ainda tem as etapas de quartas de final, semifinal e final. A equipe est\u00e1 com uma campanha de 20 vit\u00f3rias, um empate e uma derrota na competi\u00e7\u00e3o.<\/p>\n<\/div>\n<\/div>\n<div id=\"chunk-ccv8r\">\n<div class=\"mc-column content-text active-extra-styles \" data-block-type=\"unstyled\" data-block-weight=\"7\" data-block-id=\"15\">\n<p class=\" content-text__container \" data-track-category=\"Link no Texto\" data-track-links=\"\" data-mrf-recirculation=\"Artigo - Link no Texto\"><strong>Veja a nota enviada por Artur Itiro:<\/strong><\/p>\n<\/div>\n<\/div>\n<div id=\"chunk-66av3\">\n<div class=\"mc-column content-text active-extra-styles \" data-block-type=\"unstyled\" data-block-weight=\"32\" data-block-id=\"16\">\n<p class=\" content-text__container \" data-track-category=\"Link no Texto\" data-track-links=\"\" data-mrf-recirculation=\"Artigo - Link no Texto\"><em>\u00c9 uma decis\u00e3o tomada pelo Jo\u00e3o Paulo Sampaio com intuito de refor\u00e7ar a import\u00e2ncia e o tamanho do\u00a0<\/em><a class=\"\" href=\"https:\/\/globoesporte.globo.com\/futebol\/times\/palmeiras\/\" data-mrf-link=\"https:\/\/globoesporte.globo.com\/futebol\/times\/palmeiras\/\"><em>Palmeiras<\/em><\/a><em>\u00a0acima de elencos (categorias e gera\u00e7\u00f5es), interesses e performances individuais ou resultados.<\/em><\/p>\n<\/div>\n<\/div>\n<div id=\"chunk-go9r\">\n<div class=\"mc-column content-text active-extra-styles \" data-block-type=\"unstyled\" data-block-weight=\"15\" data-block-id=\"17\">\n<p class=\" content-text__container \" data-track-category=\"Link no Texto\" data-track-links=\"\" data-mrf-recirculation=\"Artigo - Link no Texto\"><em>O exemplo est\u00e1 sendo dado para essa e demais gera\u00e7\u00f5es sobre os valores pregados.<\/em><\/p>\n<\/div>\n<\/div>\n<div id=\"chunk-2s1tv\">\n<div class=\"mc-column content-text active-extra-styles \" data-block-type=\"unstyled\" data-block-weight=\"24\" data-block-id=\"18\">\n<p class=\" content-text__container \" data-track-category=\"Link no Texto\" data-track-links=\"\" data-mrf-recirculation=\"Artigo - Link no Texto\"><em>O\u00a0<\/em><a class=\"\" href=\"https:\/\/globoesporte.globo.com\/futebol\/times\/palmeiras\/\" data-mrf-link=\"https:\/\/globoesporte.globo.com\/futebol\/times\/palmeiras\/\"><em>Palmeiras<\/em><\/a><em>\u00a0valoriza a forma\u00e7\u00e3o do ser humano acima da forma\u00e7\u00e3o do atleta. Valoriza a Entidade e a coletividade acima dos interesses individuais.<\/em><\/p>\n<\/div>\n<\/div>\n<div id=\"chunk-552t2\">\n<div class=\"mc-column content-text active-extra-styles \" data-block-type=\"unstyled\" data-block-weight=\"6\" data-block-id=\"19\">\n<p class=\" content-text__container \" data-track-category=\"Link no Texto\" data-track-links=\"\" data-mrf-recirculation=\"Artigo - Link no Texto\"><em>N\u00e3o houve nenhum ato de indisciplina propriamente.<\/em><\/p>\n<\/div>\n<\/div>\n<div id=\"chunk-c4s1g\">\n<div class=\"row medium-uncollapsed content-media content-photo\" data-block-type=\"backstage-photo\" data-block-id=\"21\">\n<div class=\" mc-column  content-media__container\">\n<div class=\"content-media-container glb-skeleton-box\">\n<figure class=\"content-media-figure\"><img decoding=\"async\" class=\"i-amphtml-fill-content i-amphtml-replaced-content\" src=\"https:\/\/s2-ge.glbimg.com\/DhK0FjhyiiP-y5IW0T2FRY-qMxo=\/0x0:2000x1200\/984x0\/smart\/filters:strip_icc()\/i.s3.glbimg.com\/v1\/AUTH_bc8228b6673f488aa253bbcb03c80ec5\/internal_photos\/bs\/2025\/h\/F\/71MuIgR1OmVfHwm3BrnQ\/20250908-162732-2000x1200.jpg\" sizes=\"(max-width: 1366px) 648px, 100vw\" srcset=\"https:\/\/s2-ge.glbimg.com\/lBCcqGnc1YZsXv72kD19_eiNwE4=\/0x0:2000x1200\/1000x0\/smart\/filters:strip_icc()\/i.s3.glbimg.com\/v1\/AUTH_bc8228b6673f488aa253bbcb03c80ec5\/internal_photos\/bs\/2025\/h\/F\/71MuIgR1OmVfHwm3BrnQ\/20250908-162732-2000x1200.jpg 1000w, https:\/\/s2-ge.glbimg.com\/DhK0FjhyiiP-y5IW0T2FRY-qMxo=\/0x0:2000x1200\/984x0\/smart\/filters:strip_icc()\/i.s3.glbimg.com\/v1\/AUTH_bc8228b6673f488aa253bbcb03c80ec5\/internal_photos\/bs\/2025\/h\/F\/71MuIgR1OmVfHwm3BrnQ\/20250908-162732-2000x1200.jpg 984w, https:\/\/s2-ge.glbimg.com\/5XkuCs1kbjP0i7Ni562Fy_EYoLI=\/0x0:2000x1200\/640x0\/smart\/filters:strip_icc()\/i.s3.glbimg.com\/v1\/AUTH_bc8228b6673f488aa253bbcb03c80ec5\/internal_photos\/bs\/2025\/h\/F\/71MuIgR1OmVfHwm3BrnQ\/20250908-162732-2000x1200.jpg 640w, https:\/\/s2-ge.glbimg.com\/LxldJ3HbzK8HXTjnaWccHfM12k0=\/0x0:2000x1200\/600x0\/smart\/filters:strip_icc()\/i.s3.glbimg.com\/v1\/AUTH_bc8228b6673f488aa253bbcb03c80ec5\/internal_photos\/bs\/2025\/h\/F\/71MuIgR1OmVfHwm3BrnQ\/20250908-162732-2000x1200.jpg 600w\" alt=\"Time sub-17 do Palmeiras no Mundial da categoria \u2014 Foto: Reprodu\u00e7\u00e3o\" \/><\/figure>\n<\/div>\n<p class=\"content-media__description  \">Time sub-17 do Palmeiras no Mundial da categoria \u2014 Foto: Reprodu\u00e7\u00e3o<\/p>\n<p>Fonte: Ge<\/p>\n<\/div>\n<\/div>\n<\/div>\n<\/div>\n<\/article>\n<\/div>\n","protected":false},"excerpt":{"rendered":"<p>Palmeiras afasta time sub-17 por quest\u00f5es disciplinares e jogar\u00e1 Paulista da categoria com sub-16 Equipe seguir\u00e1 treinando para outras competi\u00e7\u00f5es,<\/p>\n","protected":false},"author":1,"featured_media":10264,"comment_status":"open","ping_status":"open","sticky":false,"template":"","format":"standard","meta":{"colormag_page_container_layout":"default_layout","colormag_page_sidebar_layout":"default_layout","footnotes":""},"categories":[1],"tags":[],"class_list":["post-10248","post","type-post","status-publish","format-standard","has-post-thumbnail","hentry","category-geral"],"_links":{"self":[{"href":"http:\/\/metropoleemfoco.com.br\/index.php?rest_route=\/wp\/v2\/posts\/10248","targetHints":{"allow":["GET"]}}],"collection":[{"href":"http:\/\/metropoleemfoco.com.br\/index.php?rest_route=\/wp\/v2\/posts"}],"about":[{"href":"http:\/\/metropoleemfoco.com.br\/index.php?rest_route=\/wp\/v2\/types\/post"}],"author":[{"embeddable":true,"href":"http:\/\/metropoleemfoco.com.br\/index.php?rest_route=\/wp\/v2\/users\/1"}],"replies":[{"embeddable":true,"href":"http:\/\/metropoleemfoco.com.br\/index.php?rest_route=%2Fwp%2Fv2%2Fcomments&post=10248"}],"version-history":[{"count":1,"href":"http:\/\/metropoleemfoco.com.br\/index.php?rest_route=\/wp\/v2\/posts\/10248\/revisions"}],"predecessor-version":[{"id":10265,"href":"http:\/\/metropoleemfoco.com.br\/index.php?rest_route=\/wp\/v2\/posts\/10248\/revisions\/10265"}],"wp:featuredmedia":[{"embeddable":true,"href":"http:\/\/metropoleemfoco.com.br\/index.php?rest_route=\/wp\/v2\/media\/10264"}],"wp:attachment":[{"href":"http:\/\/metropoleemfoco.com.br\/index.php?rest_route=%2Fwp%2Fv2%2Fmedia&parent=10248"}],"wp:term":[{"taxonomy":"category","embeddable":true,"href":"http:\/\/metropoleemfoco.com.br\/index.php?rest_route=%2Fwp%2Fv2%2Fcategories&post=10248"},{"taxonomy":"post_tag","embeddable":true,"href":"http:\/\/metropoleemfoco.com.br\/index.php?rest_route=%2Fwp%2Fv2%2Ftags&post=10248"}],"curies":[{"name":"wp","href":"https:\/\/api.w.org\/{rel}","templated":true}]}}